{"id":3600,"date":"2025-09-15T16:43:16","date_gmt":"2025-09-15T19:43:16","guid":{"rendered":"https:\/\/sistemafaetsenar.org.br\/faet\/?p=3600"},"modified":"2025-09-15T16:43:16","modified_gmt":"2025-09-15T19:43:16","slug":"26a-expocolinas-cultura-tradicao-e-negocios-no-tocantins","status":"publish","type":"post","link":"https:\/\/sistemafaetsenar.org.br\/faet\/26a-expocolinas-cultura-tradicao-e-negocios-no-tocantins\/","title":{"rendered":"26\u00aa ExpoColinas: Cultura, Tradi\u00e7\u00e3o e Neg\u00f3cios no Tocantins"},"content":{"rendered":"<p><span style=\"font-weight: 400;\">Colinas do Tocantins sediou sua 26\u00aa Exposi\u00e7\u00e3o Agropecu\u00e1ria,\u00a0 ExpoColinas 2025. A feira reuniu produtores rurais, expositores, autoridades e visitantes, movimentando a economia local e fortalecendo o agroneg\u00f3cio regional.<\/span><\/p>\n<p>&nbsp;<\/p>\n<p><span style=\"font-weight: 400;\">Uma das atra\u00e7\u00f5es mais esperadas, o rodeio profissional reuniu competidores em uma arena montada especialmente para o evento. Al\u00e9m disso, o parque de exposi\u00e7\u00f5es contou com estandes de empresas do setor agropecu\u00e1rio, apresentando novidades em m\u00e1quinas, implementos agr\u00edcolas e insumos. A tradicional cavalgada, realizada no dia 7 de setembro reuniu mais de 3 mil pessoas e 30 comitivas em um percurso de 4,5 quil\u00f4metros pela cidade.<\/span><\/p>\n<p>&nbsp;<\/p>\n<p><span style=\"font-weight: 400;\">J\u00e1 o concurso Garota ExpoColinas 2025 celebrou a beleza e a representatividade feminina da regi\u00e3o, atraindo a participa\u00e7\u00e3o de jovens de Colinas e cidades vizinhas, refor\u00e7ando a import\u00e2ncia cultural e social da feira.\u00a0<\/span><\/p>\n<p>&nbsp;<\/p>\n<p><span style=\"font-weight: 400;\">A programa\u00e7\u00e3o tamb\u00e9m incluiu leil\u00f5es de gado e shows musicais. Entre as principais atra\u00e7\u00f5es musicais, destacaram-se os shows de Joelma, Jo\u00e3o Bosco &amp; Vin\u00edcius e Eduardo Costa, que atra\u00edram o p\u00fablico e proporcionaram momentos de entretenimento.<\/span><\/p>\n<p>&nbsp;<\/p>\n<p><img fetchpriority=\"high\" decoding=\"async\" class=\"aligncenter size-medium wp-image-3603\" src=\"https:\/\/sistemafaetsenar.org.br\/faet\/wp-content\/uploads\/2025\/09\/WhatsApp-Image-2025-09-15-at-16.41.01-280x300.jpeg\" alt=\"\" width=\"280\" height=\"300\" srcset=\"https:\/\/sistemafaetsenar.org.br\/faet\/wp-content\/uploads\/2025\/09\/WhatsApp-Image-2025-09-15-at-16.41.01-280x300.jpeg 280w, https:\/\/sistemafaetsenar.org.br\/faet\/wp-content\/uploads\/2025\/09\/WhatsApp-Image-2025-09-15-at-16.41.01-956x1024.jpeg 956w, https:\/\/sistemafaetsenar.org.br\/faet\/wp-content\/uploads\/2025\/09\/WhatsApp-Image-2025-09-15-at-16.41.01.jpeg 960w\" sizes=\"(max-width: 280px) 100vw, 280px\" \/><\/p>\n<p>&nbsp;<\/p>\n<h3><b>AgroForte: Capacita\u00e7\u00e3o e Desenvolvimento<\/b><\/h3>\n<p><span style=\"font-weight: 400;\">O evento contou com a edi\u00e7\u00e3o local do <\/span><b>AgroForte<\/b><span style=\"font-weight: 400;\">, que ofereceu capacita\u00e7\u00e3o t\u00e9cnica e desenvolvimento sustent\u00e1vel para produtores rurais. Durante o evento, os participantes assistiram a palestras de L\u00e9o Batista (manejo alimentar na bovinocultura de leite), Wellyton Moreira (preven\u00e7\u00e3o de queimadas), Danilo Ribeiro Barbacena (intelig\u00eancia artificial no agroneg\u00f3cio), Mark Anderson (renegocia\u00e7\u00e3o de d\u00edvidas), Dra. Andrea Stival (fam\u00edlia e neg\u00f3cios), Omar Hennemann (empreendedorismo feminino rural), al\u00e9m de representantes da UMACRE, Energisa e JBS, encerrando com o painel \u201cMulheres no agro\u201d, sobre a presen\u00e7a feminina no setor.<\/span><\/p>\n<p>&nbsp;<\/p>\n<p><span style=\"font-weight: 400;\">A ExpoColinas 2025 \u00e9 uma parceria do Sindicato Rural de Colinas com a FAET, Senar Tocantins e com apoio da Secretaria Estadual da Ind\u00fastria, Com\u00e9rcio e Servi\u00e7os, Secretaria Estadual do Turismo, Conselho de Desenvolvimento Econ\u00f4mico (CDE), Programa de Impulsionamento da Ind\u00fastria, Com\u00e9rcio e Servi\u00e7os (PICS) e do Governo do Tocantins. O Agroforte \u00e9 uma iniciativa da FAET, SENAR, Sindicato Rural,\u00a0 com o apoio do Minist\u00e9rio da Agricultura e Pecu\u00e1ria (MAPA) e Governo Federal (TF 956148-2024)<\/span><\/p>\n","protected":false},"excerpt":{"rendered":"<p>Colinas do Tocantins sediou sua 26\u00aa Exposi\u00e7\u00e3o Agropecu\u00e1ria,\u00a0 ExpoColinas 2025. A feira reuniu produtores rurais, expositores, autoridades e visitantes, movimentando a economia local e fortalecendo o agroneg\u00f3cio regional. &nbsp; Uma das atra\u00e7\u00f5es mais esperadas, o rodeio profissional reuniu competidores em uma arena montada especialmente para o evento. Al\u00e9m disso, o parque de exposi\u00e7\u00f5es contou com [&hellip;]<\/p>\n","protected":false},"author":7,"featured_media":3602,"comment_status":"open","ping_status":"open","sticky":false,"template":"","format":"standard","meta":{"kia_subtitle":"","footnotes":""},"categories":[60,12,16,26],"tags":[61,143,142,64],"class_list":["post-3600","post","type-post","status-publish","format-standard","has-post-thumbnail","hentry","category-agroforte","category-agrononegocio","category-feiras-e-eventos","category-noticia-principal","tag-agroforte","tag-colinas","tag-expocolinas","tag-exposicao-agropecuaria"],"_links":{"self":[{"href":"https:\/\/sistemafaetsenar.org.br\/faet\/wp-json\/wp\/v2\/posts\/3600"}],"collection":[{"href":"https:\/\/sistemafaetsenar.org.br\/faet\/wp-json\/wp\/v2\/posts"}],"about":[{"href":"https:\/\/sistemafaetsenar.org.br\/faet\/wp-json\/wp\/v2\/types\/post"}],"author":[{"embeddable":true,"href":"https:\/\/sistemafaetsenar.org.br\/faet\/wp-json\/wp\/v2\/users\/7"}],"replies":[{"embeddable":true,"href":"https:\/\/sistemafaetsenar.org.br\/faet\/wp-json\/wp\/v2\/comments?post=3600"}],"version-history":[{"count":0,"href":"https:\/\/sistemafaetsenar.org.br\/faet\/wp-json\/wp\/v2\/posts\/3600\/revisions"}],"wp:featuredmedia":[{"embeddable":true,"href":"https:\/\/sistemafaetsenar.org.br\/faet\/wp-json\/wp\/v2\/media\/3602"}],"wp:attachment":[{"href":"https:\/\/sistemafaetsenar.org.br\/faet\/wp-json\/wp\/v2\/media?parent=3600"}],"wp:term":[{"taxonomy":"category","embeddable":true,"href":"https:\/\/sistemafaetsenar.org.br\/faet\/wp-json\/wp\/v2\/categories?post=3600"},{"taxonomy":"post_tag","embeddable":true,"href":"https:\/\/sistemafaetsenar.org.br\/faet\/wp-json\/wp\/v2\/tags?post=3600"}],"curies":[{"name":"wp","href":"https:\/\/api.w.org\/{rel}","templated":true}]}}