{"id":3596,"date":"2025-09-15T16:24:00","date_gmt":"2025-09-15T19:24:00","guid":{"rendered":"https:\/\/sistemafaetsenar.org.br\/faet\/?p=3596"},"modified":"2025-09-15T16:24:00","modified_gmt":"2025-09-15T19:24:00","slug":"sistema-faet-senar-realiza-agroforte-em-dianopolis-com-tres-dias-de-programacao-para-produtores-e-estudantes","status":"publish","type":"post","link":"https:\/\/sistemafaetsenar.org.br\/faet\/sistema-faet-senar-realiza-agroforte-em-dianopolis-com-tres-dias-de-programacao-para-produtores-e-estudantes\/","title":{"rendered":"*Sistema FAET\/Senar realiza AgroForte em Dian\u00f3polis com tr\u00eas dias de programa\u00e7\u00e3o para produtores e estudantes*"},"content":{"rendered":"<p>O Sistema FAET\/Senar promoveu, em Dian\u00f3polis, mais uma edi\u00e7\u00e3o do AgroForte, reunindo durante tr\u00eas dias produtores rurais, estudantes e institui\u00e7\u00f5es parceiras em uma programa\u00e7\u00e3o voltada ao fortalecimento do setor.<\/p>\n<p>&nbsp;<\/p>\n<p>O evento contou com pain\u00e9is voltados para jovens estudantes do curso de Agr\u00e1rias do munic\u00edpio sobre oportunidades e desafios do campo. Para os produtores, uma das palestras mais marcantes foi a de \u201cGest\u00e3o Rural\u201d que destacou a import\u00e2ncia do controle das entradas e sa\u00eddas da propriedade para garantir maior produtividade e rentabilidade no campo.<\/p>\n<p>&nbsp;<\/p>\n<p>O produtor rural de Porto Alegre, Osvaldo Ferreira, avaliou a atividade como transformadora: &#8220;Essa palestra da gest\u00e3o foi importante para eu entender como \u00e9 fundamental controlar os gastos, ainda mais agora que vou come\u00e7ar a mexer com maracuj\u00e1 na minha propriedade&#8221;, afirmou.<\/p>\n<p>&nbsp;<\/p>\n<p>Al\u00e9m das capacita\u00e7\u00f5es t\u00e9cnicas, o AgroForte tamb\u00e9m trouxe a participa\u00e7\u00e3o de institui\u00e7\u00f5es financeiras, que apresentaram linhas de cr\u00e9dito rural dispon\u00edveis para apoiar o desenvolvimento de novos projetos no campo.<\/p>\n<p>&nbsp;<\/p>\n<p>Outro destaque da programa\u00e7\u00e3o foi a oficina de drones, que capacitou moradores da regi\u00e3o para operar o equipamento, abrindo novas oportunidades no mercado de trabalho e mostrando o potencial da tecnologia no apoio \u00e0 produ\u00e7\u00e3o agr\u00edcola.<\/p>\n<p>&nbsp;<\/p>\n<p>As mulheres do agro tamb\u00e9m tiveram espa\u00e7o de destaque com a palestra \u201cEmpreendedorismo Feminino Rural\u201d. Para Maria de F\u00e1tima Machado, a experi\u00eancia foi inspiradora: &#8220;Fazia muito tempo que n\u00e3o participava de um evento assim. Saio daqui hoje motivada a continuar empreendendo&#8221;, declarou.<\/p>\n<p>&nbsp;<\/p>\n<p>O Agroforte \u00e9 uma iniciativa da FAET, SENAR, Sindicato Rural de Dianopolis, com o apoio do Minist\u00e9rio da Agricultura e Pecu\u00e1ria (MAPA) e Governo Federal (TF 956148-2024)<\/p>\n","protected":false},"excerpt":{"rendered":"<p>O Sistema FAET\/Senar promoveu, em Dian\u00f3polis, mais uma edi\u00e7\u00e3o do AgroForte, reunindo durante tr\u00eas dias produtores rurais, estudantes e institui\u00e7\u00f5es parceiras em uma programa\u00e7\u00e3o voltada ao fortalecimento do setor. &nbsp; O evento contou com pain\u00e9is voltados para jovens estudantes do curso de Agr\u00e1rias do munic\u00edpio sobre oportunidades e desafios do campo. Para os produtores, uma [&hellip;]<\/p>\n","protected":false},"author":3,"featured_media":3597,"comment_status":"open","ping_status":"open","sticky":false,"template":"","format":"standard","meta":{"kia_subtitle":"","footnotes":""},"categories":[26],"tags":[],"class_list":["post-3596","post","type-post","status-publish","format-standard","has-post-thumbnail","hentry","category-noticia-principal"],"_links":{"self":[{"href":"https:\/\/sistemafaetsenar.org.br\/faet\/wp-json\/wp\/v2\/posts\/3596"}],"collection":[{"href":"https:\/\/sistemafaetsenar.org.br\/faet\/wp-json\/wp\/v2\/posts"}],"about":[{"href":"https:\/\/sistemafaetsenar.org.br\/faet\/wp-json\/wp\/v2\/types\/post"}],"author":[{"embeddable":true,"href":"https:\/\/sistemafaetsenar.org.br\/faet\/wp-json\/wp\/v2\/users\/3"}],"replies":[{"embeddable":true,"href":"https:\/\/sistemafaetsenar.org.br\/faet\/wp-json\/wp\/v2\/comments?post=3596"}],"version-history":[{"count":0,"href":"https:\/\/sistemafaetsenar.org.br\/faet\/wp-json\/wp\/v2\/posts\/3596\/revisions"}],"wp:featuredmedia":[{"embeddable":true,"href":"https:\/\/sistemafaetsenar.org.br\/faet\/wp-json\/wp\/v2\/media\/3597"}],"wp:attachment":[{"href":"https:\/\/sistemafaetsenar.org.br\/faet\/wp-json\/wp\/v2\/media?parent=3596"}],"wp:term":[{"taxonomy":"category","embeddable":true,"href":"https:\/\/sistemafaetsenar.org.br\/faet\/wp-json\/wp\/v2\/categories?post=3596"},{"taxonomy":"post_tag","embeddable":true,"href":"https:\/\/sistemafaetsenar.org.br\/faet\/wp-json\/wp\/v2\/tags?post=3596"}],"curies":[{"name":"wp","href":"https:\/\/api.w.org\/{rel}","templated":true}]}}