{"id":3592,"date":"2025-09-15T15:21:43","date_gmt":"2025-09-15T18:21:43","guid":{"rendered":"https:\/\/sistemafaetsenar.org.br\/faet\/?p=3592"},"modified":"2025-09-15T16:24:14","modified_gmt":"2025-09-15T19:24:14","slug":"18a-exposicao-agropecuaria-de-duere-marcou-o-agronegocio-tocantinense","status":"publish","type":"post","link":"https:\/\/sistemafaetsenar.org.br\/faet\/18a-exposicao-agropecuaria-de-duere-marcou-o-agronegocio-tocantinense\/","title":{"rendered":"18\u00aa Exposi\u00e7\u00e3o Agropecu\u00e1ria de Duer\u00e9 marcou o Agroneg\u00f3cio Tocantinense"},"content":{"rendered":"<p><span style=\"font-weight: 400;\">De 30 de agosto a 6 de setembro de 2025, o munic\u00edpio de Duer\u00e9, localizado no sul do Tocantins, sediou a 18\u00aa Exposi\u00e7\u00e3o Agropecu\u00e1ria. A feira reuniu produtores rurais, expositores, autoridades e visitantes, movimentando a economia local e fortalecendo o agroneg\u00f3cio regional.<\/span><\/p>\n<p>&nbsp;<\/p>\n<p><span style=\"font-weight: 400;\">A programa\u00e7\u00e3o da Expo Duer\u00e9 2025 foi diversificada, incluindo rodeios, shows musicais, leil\u00f5es de gado, exposi\u00e7\u00e3o de m\u00e1quinas e implementos agr\u00edcolas, al\u00e9m de a\u00e7\u00f5es voltadas ao agroneg\u00f3cio. A Grande Cavalgada, realizada no dia 30 de agosto, marcou o in\u00edcio das festividades, reunindo cavaleiros e amazonas de toda a regi\u00e3o. Os shows musicais, que aconteceram durante toda a semana, atra\u00edram um grande p\u00fablico e contaram com a participa\u00e7\u00e3o de artistas locais e nacionais.<\/span><\/p>\n<p>&nbsp;<\/p>\n<p><span style=\"font-weight: 400;\">A Expo Duer\u00e9 2025 \u00e9 uma parceria do Sindicato Rural de Duer\u00e9 com a FAET, Senar Tocantins e com apoio da Secretaria Estadual da Ind\u00fastria, Com\u00e9rcio e Servi\u00e7os, Secretaria Estadual do Turismo, Conselho de Desenvolvimento Econ\u00f4mico (CDE), Programa de Impulsionamento da Ind\u00fastria, Com\u00e9rcio e Servi\u00e7os (PICS) e do Governo do Tocantins. O Agroforte \u00e9 uma iniciativa da FAET, SENAR, Sindicato Rural,\u00a0 com o apoio do Minist\u00e9rio da Agricultura e Pecu\u00e1ria (MAPA) e Governo Federal (TF 956148-2024)<\/span><\/p>\n<p>&nbsp;<\/p>\n","protected":false},"excerpt":{"rendered":"<p>De 30 de agosto a 6 de setembro de 2025, o munic\u00edpio de Duer\u00e9, localizado no sul do Tocantins, sediou a 18\u00aa Exposi\u00e7\u00e3o Agropecu\u00e1ria. A feira reuniu produtores rurais, expositores, autoridades e visitantes, movimentando a economia local e fortalecendo o agroneg\u00f3cio regional. &nbsp; A programa\u00e7\u00e3o da Expo Duer\u00e9 2025 foi diversificada, incluindo rodeios, shows musicais, [&hellip;]<\/p>\n","protected":false},"author":7,"featured_media":3593,"comment_status":"open","ping_status":"open","sticky":false,"template":"","format":"standard","meta":{"kia_subtitle":"","footnotes":""},"categories":[1],"tags":[140,141,64],"class_list":["post-3592","post","type-post","status-publish","format-standard","has-post-thumbnail","hentry","category-blog","tag-duere","tag-exposicao","tag-exposicao-agropecuaria"],"_links":{"self":[{"href":"https:\/\/sistemafaetsenar.org.br\/faet\/wp-json\/wp\/v2\/posts\/3592"}],"collection":[{"href":"https:\/\/sistemafaetsenar.org.br\/faet\/wp-json\/wp\/v2\/posts"}],"about":[{"href":"https:\/\/sistemafaetsenar.org.br\/faet\/wp-json\/wp\/v2\/types\/post"}],"author":[{"embeddable":true,"href":"https:\/\/sistemafaetsenar.org.br\/faet\/wp-json\/wp\/v2\/users\/7"}],"replies":[{"embeddable":true,"href":"https:\/\/sistemafaetsenar.org.br\/faet\/wp-json\/wp\/v2\/comments?post=3592"}],"version-history":[{"count":0,"href":"https:\/\/sistemafaetsenar.org.br\/faet\/wp-json\/wp\/v2\/posts\/3592\/revisions"}],"wp:featuredmedia":[{"embeddable":true,"href":"https:\/\/sistemafaetsenar.org.br\/faet\/wp-json\/wp\/v2\/media\/3593"}],"wp:attachment":[{"href":"https:\/\/sistemafaetsenar.org.br\/faet\/wp-json\/wp\/v2\/media?parent=3592"}],"wp:term":[{"taxonomy":"category","embeddable":true,"href":"https:\/\/sistemafaetsenar.org.br\/faet\/wp-json\/wp\/v2\/categories?post=3592"},{"taxonomy":"post_tag","embeddable":true,"href":"https:\/\/sistemafaetsenar.org.br\/faet\/wp-json\/wp\/v2\/tags?post=3592"}],"curies":[{"name":"wp","href":"https:\/\/api.w.org\/{rel}","templated":true}]}}