{"id":3586,"date":"2025-09-15T14:15:21","date_gmt":"2025-09-15T17:15:21","guid":{"rendered":"https:\/\/sistemafaetsenar.org.br\/faet\/?p=3586"},"modified":"2025-09-15T14:40:18","modified_gmt":"2025-09-15T17:40:18","slug":"agroforte-e-expoagro-de-dois-irmaos-sucesso-mais-uma-vez","status":"publish","type":"post","link":"https:\/\/sistemafaetsenar.org.br\/faet\/agroforte-e-expoagro-de-dois-irmaos-sucesso-mais-uma-vez\/","title":{"rendered":"AGROFORTE E EXPOAGRO DE DOIS IRM\u00c3OS: SUCESSO MAIS UMA VEZ"},"content":{"rendered":"<p>Com tr\u00eas dias de audit\u00f3rio lotado, o Agroforte de Dois Irm\u00e3os comprovou, pelo segundo ano consecutivo, porque \u00e9 um dos eventos mais prestigiados do estado. \u201cAs palestras vieram a calhar com o momento que estamos passando e, sobretudo, para enriquecer o conhecimento de todos os que nos prestigiaram\u201d, destacou Larla Tozzatti, coordenadora do evento.<\/p>\n<p>&nbsp;<\/p>\n<p>A iniciativa reuniu mais de 500 pessoas nos tr\u00eas dias do Agroforte, com conte\u00fado destinado ao produtor rural, aos jovens do agro e tamb\u00e9m \u00e0s mulheres, com um diferencial, al\u00e9m do p\u00fablico do setor rural, tamb\u00e9m estiverem presentes tamb\u00e9m mulheres empres\u00e1rias, comerciantes e que atuam em fun\u00e7\u00f5es de lideran\u00e7a em institui\u00e7\u00f5es banc\u00e1rias e \u00f3rg\u00e3os p\u00fablicos.<\/p>\n<p>&nbsp;<\/p>\n<p>A programa\u00e7\u00e3o fez parte da programa\u00e7\u00e3o da XXIII Expoagro de Dois Irm\u00e3os, iniciativa do Sindicato Rural de Dois Irm\u00e3os, com a parceria do Sistema FAET\/Senar. \u201c, Secrretarias de\u00a0 mostrou por que o Vale do Araguaia \u00e9 um dos maiores polos produtivos do Tocantins.<\/p>\n<p>&nbsp;<\/p>\n<p>\u201cFiquei encantado com essa edi\u00e7\u00e3o do Agroforte e achei muito importante envolver toda a fam\u00edlia, os filhos, incentivando-os a permanecerem na atividade\u201d, destacou Paulo Carneiro, presidente do sistema FAET.<\/p>\n<p>&nbsp;<\/p>\n<p>\u201cMesmo com os desafios, fizemos mais uma grande exposi\u00e7\u00e3o, mantendo a tradi\u00e7\u00e3o dos eventos aqui em Dois Irm\u00e3os\u201d, destacou Francisco Tozzatti, presidente do Sindicato Rural de Dois Irm\u00e3os.<\/p>\n<p>&nbsp;<\/p>\n<p>Al\u00e9m da edi\u00e7\u00e3o do Agroforte, a ExpoAgro teve eventos como a Garota ExpoAgro, o rodeio e shows que atra\u00edram uma multid\u00e3o ao parque de exposi\u00e7\u00f5es da cidade. A festa foi encerrada com uma grande cavalgada que percorreu as principais ruas da cidade.<\/p>\n<p>&nbsp;<\/p>\n<p>A Expoagro e o Agroforte s\u00e3o uma parceria do Sindicato Rural de Dois Irm\u00e3os com a FAET, Senar Tocantins, e conta com apoio da Secretaria Estadual da Ind\u00fastria, Com\u00e9rcio e Servi\u00e7os, Secretaria Estadual do Turismo, Conselho de Desenvolvimento Econ\u00f4mico (CDE), Programa de Impulsionamento da Ind\u00fastria, Com\u00e9rcio e Servi\u00e7os (PICS) e do Governo do Tocantins, al\u00e9m do Minist\u00e9rio da Agricultura e Pecu\u00e1ria (MAPA) e do Governo Federal (TF 956148-2024).<\/p>\n<p>&nbsp;<\/p>\n","protected":false},"excerpt":{"rendered":"<p>Com tr\u00eas dias de audit\u00f3rio lotado, o Agroforte de Dois Irm\u00e3os comprovou, pelo segundo ano consecutivo, porque \u00e9 um dos eventos mais prestigiados do estado. \u201cAs palestras vieram a calhar com o momento que estamos passando e, sobretudo, para enriquecer o conhecimento de todos os que nos prestigiaram\u201d, destacou Larla Tozzatti, coordenadora do evento. &nbsp; [&hellip;]<\/p>\n","protected":false},"author":7,"featured_media":3587,"comment_status":"open","ping_status":"open","sticky":false,"template":"","format":"standard","meta":{"kia_subtitle":"","footnotes":""},"categories":[60,16,26,58],"tags":[],"class_list":["post-3586","post","type-post","status-publish","format-standard","has-post-thumbnail","hentry","category-agroforte","category-feiras-e-eventos","category-noticia-principal","category-sindicato-rural"],"_links":{"self":[{"href":"https:\/\/sistemafaetsenar.org.br\/faet\/wp-json\/wp\/v2\/posts\/3586"}],"collection":[{"href":"https:\/\/sistemafaetsenar.org.br\/faet\/wp-json\/wp\/v2\/posts"}],"about":[{"href":"https:\/\/sistemafaetsenar.org.br\/faet\/wp-json\/wp\/v2\/types\/post"}],"author":[{"embeddable":true,"href":"https:\/\/sistemafaetsenar.org.br\/faet\/wp-json\/wp\/v2\/users\/7"}],"replies":[{"embeddable":true,"href":"https:\/\/sistemafaetsenar.org.br\/faet\/wp-json\/wp\/v2\/comments?post=3586"}],"version-history":[{"count":0,"href":"https:\/\/sistemafaetsenar.org.br\/faet\/wp-json\/wp\/v2\/posts\/3586\/revisions"}],"wp:featuredmedia":[{"embeddable":true,"href":"https:\/\/sistemafaetsenar.org.br\/faet\/wp-json\/wp\/v2\/media\/3587"}],"wp:attachment":[{"href":"https:\/\/sistemafaetsenar.org.br\/faet\/wp-json\/wp\/v2\/media?parent=3586"}],"wp:term":[{"taxonomy":"category","embeddable":true,"href":"https:\/\/sistemafaetsenar.org.br\/faet\/wp-json\/wp\/v2\/categories?post=3586"},{"taxonomy":"post_tag","embeddable":true,"href":"https:\/\/sistemafaetsenar.org.br\/faet\/wp-json\/wp\/v2\/tags?post=3586"}],"curies":[{"name":"wp","href":"https:\/\/api.w.org\/{rel}","templated":true}]}}