{"id":3570,"date":"2025-09-10T10:53:58","date_gmt":"2025-09-10T13:53:58","guid":{"rendered":"https:\/\/sistemafaetsenar.org.br\/faet\/?p=3570"},"modified":"2025-09-10T11:08:47","modified_gmt":"2025-09-10T14:08:47","slug":"3570-2","status":"publish","type":"post","link":"https:\/\/sistemafaetsenar.org.br\/faet\/3570-2\/","title":{"rendered":"ExpoDian\u00f3polis movimenta o munic\u00edpio com programa\u00e7\u00e3o diversificada e atividades do AgroForte"},"content":{"rendered":"<p>ExpoDian\u00f3polis movimenta o munic\u00edpio com programa\u00e7\u00e3o diversificada e atividades do AgroForte<\/p>\n<p>&nbsp;<\/p>\n<p>No \u00faltimo s\u00e1bado, a Cavalcagada da ExpoDian\u00f3polis abriu os eventos que prometem movimentar o munic\u00edpio nos pr\u00f3ximos dias. De 11 a 13 de outubro, a feira estar\u00e1 completa, com rodeio em touros, shows todas as noites, parque de divers\u00e3o, comidas t\u00edpicas e expositores, oferecendo atra\u00e7\u00f5es para toda a fam\u00edlia.<\/p>\n<p>&nbsp;<\/p>\n<p>&#8220;Estamos esperando receber cerca de 20 mil pessoas ao longo desses dias. J\u00e1 na cavalgada tivemos uma participa\u00e7\u00e3o muito expressiva. A feira \u00e9 um momento importante para o munic\u00edpio, para o agro e para todo o municipio, unindo cultura, lazer e capacita\u00e7\u00e3o profissional&#8221;, destacou a presidente do Sindicato Rural de Dian\u00f3polis, Gina Minghini.<\/p>\n<p>&nbsp;<\/p>\n<p><strong>AgroForte<\/strong><br \/>\nAl\u00e9m disso, a ExpoDian\u00f3polis contar\u00e1 com uma programa\u00e7\u00e3o especial do AgroForte, que inclui atividades voltadas para mulheres do agro e empreendedorismo feminino rural, painel de jovens do agro, oficina de opera\u00e7\u00e3o de drone e um dia de produtores com temas como cr\u00e9dito rural e custos de produ\u00e7\u00e3o. <a href=\"https:\/\/www.instagram.com\/p\/DOZUjbtktCy\/?img_index=1\">Confira programa\u00e7\u00e3o completa clicando aqui\u00a0<\/a><\/p>\n<p>&nbsp;<\/p>\n<p>A ExpoDianopolis \u00e9 uma parceria do Sindicato Rural de Doianopolis com a FAET, Senar Tocantins e com apoio da Secretaria Estadual da Ind\u00fastria, Com\u00e9rcio e Servi\u00e7os, Secretaria Estadual do Turismo, Conselho de Desenvolvimento Econ\u00f4mico (CDE), Programa de Impulsionamento da Ind\u00fastria, Com\u00e9rcio e Servi\u00e7os (PICS) e do Governo do Tocantins. O Agroforte \u00e9 uma iniciativa da FAET, SENAR, Sindicato Rural,\u00a0 com o apoio do Minist\u00e9rio da Agricultura e Pecu\u00e1ria (MAPA) e Governo Federal (TF 956148-2024)<\/p>\n","protected":false},"excerpt":{"rendered":"<p>ExpoDian\u00f3polis movimenta o munic\u00edpio com programa\u00e7\u00e3o diversificada e atividades do AgroForte &nbsp; No \u00faltimo s\u00e1bado, a Cavalcagada da ExpoDian\u00f3polis abriu os eventos que prometem movimentar o munic\u00edpio nos pr\u00f3ximos dias. De 11 a 13 de outubro, a feira estar\u00e1 completa, com rodeio em touros, shows todas as noites, parque de divers\u00e3o, comidas t\u00edpicas e expositores, [&hellip;]<\/p>\n","protected":false},"author":3,"featured_media":3571,"comment_status":"open","ping_status":"open","sticky":false,"template":"","format":"standard","meta":{"kia_subtitle":"","footnotes":""},"categories":[26],"tags":[],"class_list":["post-3570","post","type-post","status-publish","format-standard","has-post-thumbnail","hentry","category-noticia-principal"],"_links":{"self":[{"href":"https:\/\/sistemafaetsenar.org.br\/faet\/wp-json\/wp\/v2\/posts\/3570"}],"collection":[{"href":"https:\/\/sistemafaetsenar.org.br\/faet\/wp-json\/wp\/v2\/posts"}],"about":[{"href":"https:\/\/sistemafaetsenar.org.br\/faet\/wp-json\/wp\/v2\/types\/post"}],"author":[{"embeddable":true,"href":"https:\/\/sistemafaetsenar.org.br\/faet\/wp-json\/wp\/v2\/users\/3"}],"replies":[{"embeddable":true,"href":"https:\/\/sistemafaetsenar.org.br\/faet\/wp-json\/wp\/v2\/comments?post=3570"}],"version-history":[{"count":0,"href":"https:\/\/sistemafaetsenar.org.br\/faet\/wp-json\/wp\/v2\/posts\/3570\/revisions"}],"wp:featuredmedia":[{"embeddable":true,"href":"https:\/\/sistemafaetsenar.org.br\/faet\/wp-json\/wp\/v2\/media\/3571"}],"wp:attachment":[{"href":"https:\/\/sistemafaetsenar.org.br\/faet\/wp-json\/wp\/v2\/media?parent=3570"}],"wp:term":[{"taxonomy":"category","embeddable":true,"href":"https:\/\/sistemafaetsenar.org.br\/faet\/wp-json\/wp\/v2\/categories?post=3570"},{"taxonomy":"post_tag","embeddable":true,"href":"https:\/\/sistemafaetsenar.org.br\/faet\/wp-json\/wp\/v2\/tags?post=3570"}],"curies":[{"name":"wp","href":"https:\/\/api.w.org\/{rel}","templated":true}]}}