{"id":3561,"date":"2025-09-09T18:03:52","date_gmt":"2025-09-09T21:03:52","guid":{"rendered":"https:\/\/sistemafaetsenar.org.br\/faet\/?p=3561"},"modified":"2025-09-09T18:37:08","modified_gmt":"2025-09-09T21:37:08","slug":"entidades-do-agro-discutem-desafios-em-reuniao-com-a-fpa","status":"publish","type":"post","link":"https:\/\/sistemafaetsenar.org.br\/faet\/entidades-do-agro-discutem-desafios-em-reuniao-com-a-fpa\/","title":{"rendered":"Entidades do Agro discutem desafios do setor em reuni\u00e3o com a FPA"},"content":{"rendered":"<p>Em reuni\u00e3o realizada entre lideran\u00e7as do agroneg\u00f3cio e o presidente da Frente Parlamentar de Defesa do Agroneg\u00f3cio (FPA), deputado estadual Gutierres Torquato, o setor reivindicou a continuidade do andamento das demandas do segmento rural tanto na Assembleia Legislativa como tamb\u00e9m junto \u00e0 nova gest\u00e3o estadual.<\/p>\n<p>&nbsp;<\/p>\n<p>O parlamentar justificou a reuni\u00e3o para alinhar as prioridades do setor. Segundo ele, a FPA tem tido uma estreita rela\u00e7\u00e3o de parceria com as entidades do agro e que, mesmo com as mudan\u00e7as pol\u00edticas no estado, o trabalho vai continuar. Ele acredita que a o segmento ter\u00e1 ainda mais abertura com o novo governo.<\/p>\n<p>&nbsp;<\/p>\n<p>\u201cAs entidades do agro est\u00e3o organizadas e coesas, por isso, o governador Laurez vai seguir adiante com sabedoria, humildade e transpar\u00eancia, ouvindo os setores organizados para que a gente possa continuar desenvolvendo o agroneg\u00f3cio\u201d, destacou. Como exemplo dessa parceria, ele citou o retorno de Cledson da Rocha Lima ao comando do Naturatins, como o setor desejava.<\/p>\n<p>&nbsp;<\/p>\n<p>Para o presidente da FAET, Paulo Carneiro, o segmento estar\u00e1 sempre aberto ao di\u00e1logo para tratar das quest\u00f5es de interesse dos produtores rurais do estado. Ele destacou que o setor tem demandas como a regulariza\u00e7\u00e3o das \u00e1reas da Uni\u00e3o que precisam ser repassadas ao estado para titula\u00e7\u00e3o definitiva e outras pautas urgentes como a constru\u00e7\u00e3o de um novo ZEE-TO e os planos de manejo das \u00e1reas de prote\u00e7\u00e3o ambiental.<\/p>\n<p>&nbsp;<\/p>\n<p>A presidente da Aprosoja, Caroline Barcelos, tamb\u00e9m destacou a import\u00e2ncia da reuni\u00e3o e abertura ao di\u00e1logo para tratar das demandas de interesse do setor produtivo. Para ela, \u00e9 fundamental que o Tocantins continue avan\u00e7ando e para isso \u00e9 preciso barrar todas as tentativas de limitar o avan\u00e7o da produ\u00e7\u00e3o, como, por exemplo, o programa de REED+ que tem preocupado o segmento.<\/p>\n<p>&nbsp;<\/p>\n<p>O presidente da Associa\u00e7\u00e3o Novilho Precoce Tocantins, Fernando Penteado, da ADSTO, Dino Gabriel e o presidente da OCB-TO, Ricardo Cury, tamb\u00e9m destacaram a import\u00e2ncia de reuni\u00f5es constantes para tratar das demandas do setor. Para Ricardo, h\u00e1 outras pautas que tamb\u00e9m precisam de aten\u00e7\u00e3o, como as dificuldades das cooperativas com a Secretaria da Fazenda, que, para ele, tem dificuldade de compreender a din\u00e2mica do ato cooperativo, penalizando as opera\u00e7\u00f5es entre as cooperativas e seus cooperados.<\/p>\n<p>&nbsp;<\/p>\n<p>O presidente do Naturatins tamb\u00e9m manifestou satisfa\u00e7\u00e3o com a reuni\u00e3o com as entidades do agro. Agradeceu pelo apoio recebido e se comprometeu a perseguir os resultados almejados pelo setor. Para ele, alguns avan\u00e7os j\u00e1 ocorreram, mas ele espera fazer ainda mais.<\/p>\n","protected":false},"excerpt":{"rendered":"<p>Em reuni\u00e3o realizada entre lideran\u00e7as do agroneg\u00f3cio e o presidente da Frente Parlamentar de Defesa do Agroneg\u00f3cio (FPA), deputado estadual Gutierres Torquato, o setor reivindicou a continuidade do andamento das demandas do segmento rural tanto na Assembleia Legislativa como tamb\u00e9m junto \u00e0 nova gest\u00e3o estadual. &nbsp; O parlamentar justificou a reuni\u00e3o para alinhar as prioridades [&hellip;]<\/p>\n","protected":false},"author":3,"featured_media":3562,"comment_status":"open","ping_status":"open","sticky":false,"template":"","format":"standard","meta":{"kia_subtitle":"","footnotes":""},"categories":[26],"tags":[],"class_list":["post-3561","post","type-post","status-publish","format-standard","has-post-thumbnail","hentry","category-noticia-principal"],"_links":{"self":[{"href":"https:\/\/sistemafaetsenar.org.br\/faet\/wp-json\/wp\/v2\/posts\/3561"}],"collection":[{"href":"https:\/\/sistemafaetsenar.org.br\/faet\/wp-json\/wp\/v2\/posts"}],"about":[{"href":"https:\/\/sistemafaetsenar.org.br\/faet\/wp-json\/wp\/v2\/types\/post"}],"author":[{"embeddable":true,"href":"https:\/\/sistemafaetsenar.org.br\/faet\/wp-json\/wp\/v2\/users\/3"}],"replies":[{"embeddable":true,"href":"https:\/\/sistemafaetsenar.org.br\/faet\/wp-json\/wp\/v2\/comments?post=3561"}],"version-history":[{"count":0,"href":"https:\/\/sistemafaetsenar.org.br\/faet\/wp-json\/wp\/v2\/posts\/3561\/revisions"}],"wp:featuredmedia":[{"embeddable":true,"href":"https:\/\/sistemafaetsenar.org.br\/faet\/wp-json\/wp\/v2\/media\/3562"}],"wp:attachment":[{"href":"https:\/\/sistemafaetsenar.org.br\/faet\/wp-json\/wp\/v2\/media?parent=3561"}],"wp:term":[{"taxonomy":"category","embeddable":true,"href":"https:\/\/sistemafaetsenar.org.br\/faet\/wp-json\/wp\/v2\/categories?post=3561"},{"taxonomy":"post_tag","embeddable":true,"href":"https:\/\/sistemafaetsenar.org.br\/faet\/wp-json\/wp\/v2\/tags?post=3561"}],"curies":[{"name":"wp","href":"https:\/\/api.w.org\/{rel}","templated":true}]}}