{"id":3557,"date":"2025-09-05T12:15:27","date_gmt":"2025-09-05T15:15:27","guid":{"rendered":"https:\/\/sistemafaetsenar.org.br\/faet\/?p=3557"},"modified":"2025-09-05T12:15:27","modified_gmt":"2025-09-05T15:15:27","slug":"dois-irmaos-do-tocantins-realiza-xxiii-expoagro-com-cavalgada-rodeio-shows-e-programacao-tecnica","status":"publish","type":"post","link":"https:\/\/sistemafaetsenar.org.br\/faet\/dois-irmaos-do-tocantins-realiza-xxiii-expoagro-com-cavalgada-rodeio-shows-e-programacao-tecnica\/","title":{"rendered":"Dois Irm\u00e3os do Tocantins realiza XXIII ExpoAgro com cavalgada, rodeio, shows e programa\u00e7\u00e3o t\u00e9cnica"},"content":{"rendered":"<p>De 4 a 7 de setembro, o munic\u00edpio de Dois Irm\u00e3os do Tocantins ser\u00e1 palco da XXIII ExpoAgro, no Parque de Exposi\u00e7\u00e3o Jo\u00e3o Carlos Botelho Martins. O evento, promovido pelo Sindicato Rural, integra a agenda oficial do agroneg\u00f3cio no Tocantins e alia neg\u00f3cios, conhecimento t\u00e9cnico e tradi\u00e7\u00e3o cultural em quatro dias de programa\u00e7\u00e3o. \u201dA feira \u00e9 uma oportunidade de mostrar a for\u00e7a da nossa regi\u00e3o do Vale do Araguaia\u201d destaca o presidente do sindicato, Fernando Tozzatti.<\/p>\n<p>&nbsp;<\/p>\n<p>O evento vai reunir exposi\u00e7\u00e3o de animais, m\u00e1quinas e implementos agr\u00edcolas, palestras t\u00e9cnicas e espa\u00e7o para negocia\u00e7\u00f5es, al\u00e9m de atra\u00e7\u00f5es culturais como rodeio, pra\u00e7a de alimenta\u00e7\u00e3o, parque de divers\u00f5es e shows musicais. A abertura contar\u00e1 com a apresenta\u00e7\u00e3o de Washington Brasileiro, no dia 4; no dia 5 ser\u00e1 a vez do Trio Meninos de Goi\u00e1s; e no dia 6, o p\u00fablico confere os shows de Forr\u00f3 Mu\u00eddo e S\u00e9rgio Silva.<\/p>\n<p>&nbsp;<\/p>\n<p>Um dos momentos aguardados \u00e9 a Grande Cavalgada, marcada para 7 de setembro, \u00e0s 16h. O desfile deve reunir cavaleiros e amazonas de toda a regi\u00e3o e vai distribuir mais de R$ 5 mil em pr\u00eamios e trof\u00e9us \u00e0s comitivas participantes.<\/p>\n<p>&nbsp;<\/p>\n<p>Dentro da ExpoAgro, tamb\u00e9m ser\u00e1 realizada uma edi\u00e7\u00e3o do AGROFORTE, que vai promover debates sobre temas de interesse do produtor rural da regi\u00e3o.<\/p>\n<p>&nbsp;<\/p>\n<p>No dia 4, as palestras ser\u00e3o sobre regulariza\u00e7\u00e3o ambiental, zoneamento ecol\u00f3gico-econ\u00f4mico e perspectivas para o campo, encerrando com a participa\u00e7\u00e3o especial do ex-ministro da Agricultura Ant\u00f4nio Cabrera Mano Filho. \u201cVamos falar sobre as perspectivas e desafios que n\u00f3s enfrentamos no agro e como que apesar disso o Brasil se tornou o maior exportador l\u00edquido de alimentos e de sustentabilidade no mundo\u201d<\/p>\n<p>&nbsp;<\/p>\n<p>No dia 5, os jovens assumem o protagonismo com reflex\u00f5es sobre presen\u00e7a digital, intelig\u00eancia artificial no agroneg\u00f3cio e um painel sobre desafios e oportunidades da juventude no setor. A palestra \u201cDo like \u00e0 contrata\u00e7\u00e3o: Redes sociais como vitrine do seu talento\u201d tr\u00e1s a palestrante Jess\u00edca Caldato, orientando o caminho para a inser\u00e7\u00e3o do mercado por meio do uso estrat\u00e9gico das redes sociais.<\/p>\n<p>&nbsp;<\/p>\n<p>J\u00e1 no dia 6, o espa\u00e7o ser\u00e1 dedicado \u00e0s mulheres do agro. \u00c0s 16 horas a engenheira agr\u00f4noma, especialista em gest\u00e3o no agro, Alessandra Decicina explora a atua\u00e7\u00e3o feminina no fortalecimento da atividade, com a palestra \u201cA Import\u00e2ncia da Mulher no Agro\u201d<\/p>\n<p>&nbsp;<\/p>\n<p>A ExpoAgro 2025 \u00e9 organizada pelo Sindicato Rural de Dois Irm\u00e3os do Tocantins e Sistema FAET\/Senar\/Sindicatos, com apoio da Secretaria Estadual da Ind\u00fastria, Com\u00e9rcio e Servi\u00e7os, Secretaria Estadual do Turismo, Conselho de Desenvolvimento Econ\u00f4mico (CDE), Programa de Impulsionamento da Ind\u00fastria, Com\u00e9rcio e Servi\u00e7os (PICS) e do Governo do Tocantins.<\/p>\n<p>&nbsp;<\/p>\n","protected":false},"excerpt":{"rendered":"<p>De 4 a 7 de setembro, o munic\u00edpio de Dois Irm\u00e3os do Tocantins ser\u00e1 palco da XXIII ExpoAgro, no Parque de Exposi\u00e7\u00e3o Jo\u00e3o Carlos Botelho Martins. O evento, promovido pelo Sindicato Rural, integra a agenda oficial do agroneg\u00f3cio no Tocantins e alia neg\u00f3cios, conhecimento t\u00e9cnico e tradi\u00e7\u00e3o cultural em quatro dias de programa\u00e7\u00e3o. \u201dA feira [&hellip;]<\/p>\n","protected":false},"author":7,"featured_media":3558,"comment_status":"open","ping_status":"open","sticky":false,"template":"","format":"standard","meta":{"kia_subtitle":"","footnotes":""},"categories":[1],"tags":[138,122,139],"class_list":["post-3557","post","type-post","status-publish","format-standard","has-post-thumbnail","hentry","category-blog","tag-dois-irmaos","tag-expoagro","tag-sindicato"],"_links":{"self":[{"href":"https:\/\/sistemafaetsenar.org.br\/faet\/wp-json\/wp\/v2\/posts\/3557"}],"collection":[{"href":"https:\/\/sistemafaetsenar.org.br\/faet\/wp-json\/wp\/v2\/posts"}],"about":[{"href":"https:\/\/sistemafaetsenar.org.br\/faet\/wp-json\/wp\/v2\/types\/post"}],"author":[{"embeddable":true,"href":"https:\/\/sistemafaetsenar.org.br\/faet\/wp-json\/wp\/v2\/users\/7"}],"replies":[{"embeddable":true,"href":"https:\/\/sistemafaetsenar.org.br\/faet\/wp-json\/wp\/v2\/comments?post=3557"}],"version-history":[{"count":0,"href":"https:\/\/sistemafaetsenar.org.br\/faet\/wp-json\/wp\/v2\/posts\/3557\/revisions"}],"wp:featuredmedia":[{"embeddable":true,"href":"https:\/\/sistemafaetsenar.org.br\/faet\/wp-json\/wp\/v2\/media\/3558"}],"wp:attachment":[{"href":"https:\/\/sistemafaetsenar.org.br\/faet\/wp-json\/wp\/v2\/media?parent=3557"}],"wp:term":[{"taxonomy":"category","embeddable":true,"href":"https:\/\/sistemafaetsenar.org.br\/faet\/wp-json\/wp\/v2\/categories?post=3557"},{"taxonomy":"post_tag","embeddable":true,"href":"https:\/\/sistemafaetsenar.org.br\/faet\/wp-json\/wp\/v2\/tags?post=3557"}],"curies":[{"name":"wp","href":"https:\/\/api.w.org\/{rel}","templated":true}]}}