{"id":3546,"date":"2025-08-29T15:12:27","date_gmt":"2025-08-29T18:12:27","guid":{"rendered":"https:\/\/sistemafaetsenar.org.br\/faet\/?p=3546"},"modified":"2025-08-29T15:12:27","modified_gmt":"2025-08-29T18:12:27","slug":"a-7a-expofatima-tera-cavalgada-shows-e-rodeio","status":"publish","type":"post","link":"https:\/\/sistemafaetsenar.org.br\/faet\/a-7a-expofatima-tera-cavalgada-shows-e-rodeio\/","title":{"rendered":"A 7\u00aa ExpoF\u00e1tima ter\u00e1 cavalgada, shows e rodeio"},"content":{"rendered":"<p>De 28 a 31 de agosto, o munic\u00edpio de F\u00e1tima, na regi\u00e3o central do Tocantins vai receber a 7\u00aa edi\u00e7\u00e3o da ExpoF\u00e1tima, o evento mais aguardado da cidade. A festa promete reunir tradi\u00e7\u00e3o, cultura e entretenimento, com uma programa\u00e7\u00e3o que inclui rodeio profissional, cavalgada e shows musicais.<\/p>\n<p>&nbsp;<\/p>\n<p>A abertura oficial acontece na quinta-feira, dia 28, quinta-feira, com o show de Joan Alessandro. Na sexta, 29 ser\u00e1 a vez de Cleyton Farias, JH Vaqueiro e Forr\u00f3 Pegador, garantindo forr\u00f3 e anima\u00e7\u00e3o.<\/p>\n<p>&nbsp;<\/p>\n<p>No s\u00e1bado, dia 30, ser\u00e1 marcado por dois momentos especiais: pela manh\u00e3, acontece a Grande Cavalgada, seguida de um churrasco aberto aos participantes. J\u00e1 \u00e0 noite, ser\u00e1 realizada a abertura oficial do rodeio, com narra\u00e7\u00e3o de Sidimar Gomes e a presen\u00e7a da Cia 2 Irm\u00e3os, al\u00e9m dos shows de FK10, Igor Cunha, Ricardo &amp; Thiago e Paulo Duarte &amp; Luciana.<\/p>\n<p>&nbsp;<\/p>\n<p>Durante os quatro dias de festa, o p\u00fablico tamb\u00e9m poder\u00e1 aproveitar a pra\u00e7a de alimenta\u00e7\u00e3o, parque de divers\u00f5es e diversas exposi\u00e7\u00f5es, tornando a ExpoF\u00e1tima um espa\u00e7o para toda a fam\u00edlia.<\/p>\n<p>&nbsp;<\/p>\n<p>A <strong>\u00a0<\/strong>7\u00aa ExpoF\u00e1tima \u00e9 fruto da parceria entre o Sindicato Rural de F\u00e1tima-TO e o Sistema FAET\/Senar\/Sindicatos, com apoio da Secretaria Estadual da Ind\u00fastria, Com\u00e9rcio e Servi\u00e7os, Secretaria Estadual do Turismo, Conselho de Desenvolvimento Econ\u00f4mico (CDE), Programa de Impulsionamento da Ind\u00fastria, Com\u00e9rcio e Servi\u00e7os (PICS) e do Governo do Tocantins.<\/p>\n<p>&nbsp;<\/p>\n","protected":false},"excerpt":{"rendered":"<p>De 28 a 31 de agosto, o munic\u00edpio de F\u00e1tima, na regi\u00e3o central do Tocantins vai receber a 7\u00aa edi\u00e7\u00e3o da ExpoF\u00e1tima, o evento mais aguardado da cidade. A festa promete reunir tradi\u00e7\u00e3o, cultura e entretenimento, com uma programa\u00e7\u00e3o que inclui rodeio profissional, cavalgada e shows musicais. &nbsp; A abertura oficial acontece na quinta-feira, dia [&hellip;]<\/p>\n","protected":false},"author":7,"featured_media":3547,"comment_status":"open","ping_status":"open","sticky":false,"template":"","format":"standard","meta":{"kia_subtitle":"","footnotes":""},"categories":[1],"tags":[],"class_list":["post-3546","post","type-post","status-publish","format-standard","has-post-thumbnail","hentry","category-blog"],"_links":{"self":[{"href":"https:\/\/sistemafaetsenar.org.br\/faet\/wp-json\/wp\/v2\/posts\/3546"}],"collection":[{"href":"https:\/\/sistemafaetsenar.org.br\/faet\/wp-json\/wp\/v2\/posts"}],"about":[{"href":"https:\/\/sistemafaetsenar.org.br\/faet\/wp-json\/wp\/v2\/types\/post"}],"author":[{"embeddable":true,"href":"https:\/\/sistemafaetsenar.org.br\/faet\/wp-json\/wp\/v2\/users\/7"}],"replies":[{"embeddable":true,"href":"https:\/\/sistemafaetsenar.org.br\/faet\/wp-json\/wp\/v2\/comments?post=3546"}],"version-history":[{"count":0,"href":"https:\/\/sistemafaetsenar.org.br\/faet\/wp-json\/wp\/v2\/posts\/3546\/revisions"}],"wp:featuredmedia":[{"embeddable":true,"href":"https:\/\/sistemafaetsenar.org.br\/faet\/wp-json\/wp\/v2\/media\/3547"}],"wp:attachment":[{"href":"https:\/\/sistemafaetsenar.org.br\/faet\/wp-json\/wp\/v2\/media?parent=3546"}],"wp:term":[{"taxonomy":"category","embeddable":true,"href":"https:\/\/sistemafaetsenar.org.br\/faet\/wp-json\/wp\/v2\/categories?post=3546"},{"taxonomy":"post_tag","embeddable":true,"href":"https:\/\/sistemafaetsenar.org.br\/faet\/wp-json\/wp\/v2\/tags?post=3546"}],"curies":[{"name":"wp","href":"https:\/\/api.w.org\/{rel}","templated":true}]}}