{"id":3537,"date":"2025-08-18T16:59:16","date_gmt":"2025-08-18T19:59:16","guid":{"rendered":"https:\/\/sistemafaetsenar.org.br\/faet\/?p=3537"},"modified":"2025-08-18T17:18:09","modified_gmt":"2025-08-18T20:18:09","slug":"entidades-do-agro-querem-revisao-da-proposta-de-zee-to","status":"publish","type":"post","link":"https:\/\/sistemafaetsenar.org.br\/faet\/entidades-do-agro-querem-revisao-da-proposta-de-zee-to\/","title":{"rendered":"Entidades do Agro querem revis\u00e3o da proposta de ZEE-TO"},"content":{"rendered":"<p>As principais entidades representativas do agroneg\u00f3cio tocantinense querem que o projeto de lei que trata do Zoneamento Ecol\u00f3gico-Econ\u00f4mico do Tocantins seja revisto para que o desenvolvimento social e econ\u00f4mico do estado n\u00e3o seja comprometido. A conclus\u00e3o foi tirada depois do grupo acompanhar a apresenta\u00e7\u00e3o do estudo aprofundado sobre o tema de uma consultoria contratada pelas entidades.<\/p>\n<p>&nbsp;<\/p>\n<p><img fetchpriority=\"high\" decoding=\"async\" class=\"alignnone wp-image-3538 size-large\" src=\"https:\/\/sistemafaetsenar.org.br\/faet\/wp-content\/uploads\/2025\/08\/WhatsApp-Image-2025-08-18-at-16.40.18-1024x576.jpeg\" alt=\"\" width=\"780\" height=\"439\" srcset=\"https:\/\/sistemafaetsenar.org.br\/faet\/wp-content\/uploads\/2025\/08\/WhatsApp-Image-2025-08-18-at-16.40.18-1024x576.jpeg 1024w, https:\/\/sistemafaetsenar.org.br\/faet\/wp-content\/uploads\/2025\/08\/WhatsApp-Image-2025-08-18-at-16.40.18-300x169.jpeg 300w, https:\/\/sistemafaetsenar.org.br\/faet\/wp-content\/uploads\/2025\/08\/WhatsApp-Image-2025-08-18-at-16.40.18.jpeg 1280w\" sizes=\"(max-width: 780px) 100vw, 780px\" \/><\/p>\n<p>&nbsp;<\/p>\n<p>Segundo o advogado H\u00e9rcules Jackson, especialista em Direito Ambiental, respons\u00e1vel pela an\u00e1lise do projeto do ZEE-TO, a \u201cproposta da forma como est\u00e1 \u00e9 inconstitucional e fere os preceitos constitucionais, em especial, de preserva\u00e7\u00e3o do direito de propriedade e do desenvolvimento social e econ\u00f4mico\u201d, destacou o consultor.<\/p>\n<p>&nbsp;<\/p>\n<p><img decoding=\"async\" class=\"alignnone wp-image-3539 size-large\" src=\"https:\/\/sistemafaetsenar.org.br\/faet\/wp-content\/uploads\/2025\/08\/WhatsApp-Image-2025-08-18-at-16.40.18-2-1024x682.jpeg\" alt=\"\" width=\"780\" height=\"519\" srcset=\"https:\/\/sistemafaetsenar.org.br\/faet\/wp-content\/uploads\/2025\/08\/WhatsApp-Image-2025-08-18-at-16.40.18-2-1024x682.jpeg 1024w, https:\/\/sistemafaetsenar.org.br\/faet\/wp-content\/uploads\/2025\/08\/WhatsApp-Image-2025-08-18-at-16.40.18-2-300x200.jpeg 300w, https:\/\/sistemafaetsenar.org.br\/faet\/wp-content\/uploads\/2025\/08\/WhatsApp-Image-2025-08-18-at-16.40.18-2.jpeg 1280w\" sizes=\"(max-width: 780px) 100vw, 780px\" \/><\/p>\n<p>Para ele, a mat\u00e9ria precisa de uma ampla revis\u00e3o porque cont\u00e9m v\u00edcios formais, uma vez que o texto fere a previs\u00e3o contida no C\u00f3digo Florestal, a previs\u00e3o constitucional de prote\u00e7\u00e3o \u00e0s comunidades ind\u00edgenas e sociais como um todo e fere at\u00e9 a pr\u00f3pria legisla\u00e7\u00e3o das unidades de conserva\u00e7\u00e3o.<\/p>\n<p>&nbsp;<\/p>\n<p>Na apresenta\u00e7\u00e3o da consultoria foi destacado que quest\u00f5es essenciais n\u00e3o foram levadas em conta na elabora\u00e7\u00e3o da proposta do zoneamento. Ele explicou que o estado n\u00e3o definiu as diretrizes de interesse estatal para a constru\u00e7\u00e3o do ZEE, quando deveria levar em considera\u00e7\u00e3o aspectos tanto t\u00e9cnicos, como ambientais, sociais e econ\u00f4micos. Al\u00e9m disso, traz como refer\u00eancia um diagn\u00f3stico realizado em 2015, que carece de atualiza\u00e7\u00e3o.<\/p>\n<p>&nbsp;<\/p>\n<p><img decoding=\"async\" class=\"alignnone wp-image-3540 size-large\" src=\"https:\/\/sistemafaetsenar.org.br\/faet\/wp-content\/uploads\/2025\/08\/WhatsApp-Image-2025-08-18-at-16.40.16-1024x576.jpeg\" alt=\"\" width=\"780\" height=\"439\" srcset=\"https:\/\/sistemafaetsenar.org.br\/faet\/wp-content\/uploads\/2025\/08\/WhatsApp-Image-2025-08-18-at-16.40.16-1024x576.jpeg 1024w, https:\/\/sistemafaetsenar.org.br\/faet\/wp-content\/uploads\/2025\/08\/WhatsApp-Image-2025-08-18-at-16.40.16-300x169.jpeg 300w, https:\/\/sistemafaetsenar.org.br\/faet\/wp-content\/uploads\/2025\/08\/WhatsApp-Image-2025-08-18-at-16.40.16.jpeg 1280w\" sizes=\"(max-width: 780px) 100vw, 780px\" \/><\/p>\n<p>&nbsp;<\/p>\n<p>Segundo outro consultor, o engenheiro ambiental, Rodrigo Martins Ribeiro, \u201cas maiores preocupa\u00e7\u00f5es do setor produtivo s\u00e3o relativas \u00e0s \u00e1reas pass\u00edveis de aumento da produ\u00e7\u00e3o, e de abertura, e no projeto n\u00e3o foi feito o devido contrapeso\u201d. Por isso, segundo ele, as medidas restritivas ao desenvolvimento econ\u00f4mico est\u00e3o evidentes no projeto de lei.<\/p>\n<p>&nbsp;<\/p>\n<p>Diante do estudo realizado, as entidades querem agora cobrar uma revis\u00e3o integral do projeto de lei que tramita na Assembleia e cogitam at\u00e9 a possiblidade de sugerir ao parlamento que devolva o projeto ao Executivo para que sejam feitas as adequa\u00e7\u00f5es necess\u00e1rias.<\/p>\n<p>&nbsp;<\/p>\n<p><img loading=\"lazy\" decoding=\"async\" class=\"alignnone wp-image-3541 size-large\" src=\"https:\/\/sistemafaetsenar.org.br\/faet\/wp-content\/uploads\/2025\/08\/WhatsApp-Image-2025-08-18-at-16.40.18-1-1024x576.jpeg\" alt=\"\" width=\"780\" height=\"439\" srcset=\"https:\/\/sistemafaetsenar.org.br\/faet\/wp-content\/uploads\/2025\/08\/WhatsApp-Image-2025-08-18-at-16.40.18-1-1024x576.jpeg 1024w, https:\/\/sistemafaetsenar.org.br\/faet\/wp-content\/uploads\/2025\/08\/WhatsApp-Image-2025-08-18-at-16.40.18-1-300x169.jpeg 300w, https:\/\/sistemafaetsenar.org.br\/faet\/wp-content\/uploads\/2025\/08\/WhatsApp-Image-2025-08-18-at-16.40.18-1.jpeg 1280w\" sizes=\"(max-width: 780px) 100vw, 780px\" \/><\/p>\n<p>&nbsp;<\/p>\n<p>Outro ponto considerado fundamental \u00e9 que as entidades querem participa\u00e7\u00e3o na Comiss\u00e3o Estadual do Zoneamento Ecol\u00f3gico-Econ\u00f4mico que atualmente \u00e9 composto basicamente por inst\u00e2ncias do pr\u00f3prio governo e sem participa\u00e7\u00e3o de setores organizados da sociedade.<\/p>\n<p>&nbsp;<\/p>\n<p>Al\u00e9m da Federa\u00e7\u00e3o da Agricultura e Pecu\u00e1ria do Tocantins \u2013 FAET, tamb\u00e9m estavam representados na reuni\u00e3o a Aprosoja, a ADSTO (Assoc. Des. Sustent\u00e1vel do Tocantins), a ATNP (Associa\u00e7\u00e3o Tocantinense do Novilho Precoce), a OCB-TO (Org. Cooperativas no Tocantins) al\u00e9m da Cooperativa Fr\u00edsia e da empresa Sinobr\u00e1s.<\/p>\n","protected":false},"excerpt":{"rendered":"<p>As principais entidades representativas do agroneg\u00f3cio tocantinense querem que o projeto de lei que trata do Zoneamento Ecol\u00f3gico-Econ\u00f4mico do Tocantins seja revisto para que o desenvolvimento social e econ\u00f4mico do estado n\u00e3o seja comprometido. A conclus\u00e3o foi tirada depois do grupo acompanhar a apresenta\u00e7\u00e3o do estudo aprofundado sobre o tema de uma consultoria contratada pelas [&hellip;]<\/p>\n","protected":false},"author":3,"featured_media":3544,"comment_status":"open","ping_status":"open","sticky":false,"template":"","format":"standard","meta":{"kia_subtitle":"","footnotes":""},"categories":[26],"tags":[],"class_list":["post-3537","post","type-post","status-publish","format-standard","has-post-thumbnail","hentry","category-noticia-principal"],"_links":{"self":[{"href":"https:\/\/sistemafaetsenar.org.br\/faet\/wp-json\/wp\/v2\/posts\/3537"}],"collection":[{"href":"https:\/\/sistemafaetsenar.org.br\/faet\/wp-json\/wp\/v2\/posts"}],"about":[{"href":"https:\/\/sistemafaetsenar.org.br\/faet\/wp-json\/wp\/v2\/types\/post"}],"author":[{"embeddable":true,"href":"https:\/\/sistemafaetsenar.org.br\/faet\/wp-json\/wp\/v2\/users\/3"}],"replies":[{"embeddable":true,"href":"https:\/\/sistemafaetsenar.org.br\/faet\/wp-json\/wp\/v2\/comments?post=3537"}],"version-history":[{"count":0,"href":"https:\/\/sistemafaetsenar.org.br\/faet\/wp-json\/wp\/v2\/posts\/3537\/revisions"}],"wp:featuredmedia":[{"embeddable":true,"href":"https:\/\/sistemafaetsenar.org.br\/faet\/wp-json\/wp\/v2\/media\/3544"}],"wp:attachment":[{"href":"https:\/\/sistemafaetsenar.org.br\/faet\/wp-json\/wp\/v2\/media?parent=3537"}],"wp:term":[{"taxonomy":"category","embeddable":true,"href":"https:\/\/sistemafaetsenar.org.br\/faet\/wp-json\/wp\/v2\/categories?post=3537"},{"taxonomy":"post_tag","embeddable":true,"href":"https:\/\/sistemafaetsenar.org.br\/faet\/wp-json\/wp\/v2\/tags?post=3537"}],"curies":[{"name":"wp","href":"https:\/\/api.w.org\/{rel}","templated":true}]}}