{"id":3526,"date":"2025-08-13T11:47:45","date_gmt":"2025-08-13T14:47:45","guid":{"rendered":"https:\/\/sistemafaetsenar.org.br\/faet\/?p=3526"},"modified":"2025-08-13T11:47:45","modified_gmt":"2025-08-13T14:47:45","slug":"paulo-carneiro-representa-a-cna-em-comite-da-sudam","status":"publish","type":"post","link":"https:\/\/sistemafaetsenar.org.br\/faet\/paulo-carneiro-representa-a-cna-em-comite-da-sudam\/","title":{"rendered":"Paulo Carneiro representa a CNA em Comit\u00ea da Sudam"},"content":{"rendered":"<p>O presidente do Sistema FAET\/Senar, Paulo Carneiro, representou a Confedera\u00e7\u00e3o de Agricultura e Pecu\u00e1ria do Brasil (CNA) em reuni\u00e3o no Comit\u00ea T\u00e9cnico do Conselho Deliberativo da Sudam (Superintend\u00eancia do Desenvolvimento da Amaz\u00f4nia), onde foi aprovada a amplia\u00e7\u00e3o de prazo e car\u00eancia para pagamento de financiamento da linha FNO \u2013 Armazenagem, j\u00e1 para o exerc\u00edcio de 2025.<\/p>\n<p>&nbsp;<\/p>\n<p>O tema foi um dos principais assuntos da reuni\u00e3o virtual que tamb\u00e9m tratou de quest\u00f5es como as diretrizes e prioridades para a aplica\u00e7\u00e3o de recursos do Fundo Constitucional do Norte (FNO) para o pr\u00f3ximo ano e ainda proposta de altera\u00e7\u00e3o das diretrizes para a aplica\u00e7\u00e3o do Fundo de Desenvolvimento da Amaz\u00f4nia (FDA) para o exerc\u00edcio de 2026 de \u201cBiodiesel\u201d para \u201cEnergias Limpas\u201d.<\/p>\n<p>&nbsp;<\/p>\n<p>Conforme decis\u00e3o no Comit\u00ea do Condel\/Sudam, atendendo propositura da senadora tocantinense Dorinha Seabra, ser\u00e3o equiparadas as condi\u00e7\u00f5es oferecidas para a linha FNO \u2013 Armazenagem com os demais fundos (FNE e FCO).<\/p>\n<p>&nbsp;<\/p>\n<p>Desta forma, o prazo de car\u00eancia para essa modalidade de financiamento passa de 2 para 5 anos de car\u00eancia e o prazo para pagamento ir\u00e1 de 10 para 15 anos, indo de encontro com as diretrizes dos Fundos Constitucionais para uniformiza\u00e7\u00e3o e complementariedade dos fundos.<\/p>\n<p>&nbsp;<\/p>\n<p>\u201cNa nossa regi\u00e3o temos uma grande car\u00eancia de armaz\u00e9ns e a nossa produ\u00e7\u00e3o \u00e9 crescente. Por isso essa medida vai de encontro aos interesses dos produtores rurais, que est\u00e3o cumprindo a sua miss\u00e3o de produzir e gerar riquezas pra esse pa\u00eds\u201d, destacou Paulo Carneiro.<\/p>\n<p>&nbsp;<\/p>\n","protected":false},"excerpt":{"rendered":"<p>O presidente do Sistema FAET\/Senar, Paulo Carneiro, representou a Confedera\u00e7\u00e3o de Agricultura e Pecu\u00e1ria do Brasil (CNA) em reuni\u00e3o no Comit\u00ea T\u00e9cnico do Conselho Deliberativo da Sudam (Superintend\u00eancia do Desenvolvimento da Amaz\u00f4nia), onde foi aprovada a amplia\u00e7\u00e3o de prazo e car\u00eancia para pagamento de financiamento da linha FNO \u2013 Armazenagem, j\u00e1 para o exerc\u00edcio de [&hellip;]<\/p>\n","protected":false},"author":3,"featured_media":3527,"comment_status":"open","ping_status":"open","sticky":false,"template":"","format":"standard","meta":{"kia_subtitle":"Na reuni\u00e3o foi aprovada a amplia\u00e7\u00e3o de benef\u00edcios em financiamento para armazenagem","footnotes":""},"categories":[26],"tags":[],"class_list":["post-3526","post","type-post","status-publish","format-standard","has-post-thumbnail","hentry","category-noticia-principal"],"_links":{"self":[{"href":"https:\/\/sistemafaetsenar.org.br\/faet\/wp-json\/wp\/v2\/posts\/3526"}],"collection":[{"href":"https:\/\/sistemafaetsenar.org.br\/faet\/wp-json\/wp\/v2\/posts"}],"about":[{"href":"https:\/\/sistemafaetsenar.org.br\/faet\/wp-json\/wp\/v2\/types\/post"}],"author":[{"embeddable":true,"href":"https:\/\/sistemafaetsenar.org.br\/faet\/wp-json\/wp\/v2\/users\/3"}],"replies":[{"embeddable":true,"href":"https:\/\/sistemafaetsenar.org.br\/faet\/wp-json\/wp\/v2\/comments?post=3526"}],"version-history":[{"count":0,"href":"https:\/\/sistemafaetsenar.org.br\/faet\/wp-json\/wp\/v2\/posts\/3526\/revisions"}],"wp:featuredmedia":[{"embeddable":true,"href":"https:\/\/sistemafaetsenar.org.br\/faet\/wp-json\/wp\/v2\/media\/3527"}],"wp:attachment":[{"href":"https:\/\/sistemafaetsenar.org.br\/faet\/wp-json\/wp\/v2\/media?parent=3526"}],"wp:term":[{"taxonomy":"category","embeddable":true,"href":"https:\/\/sistemafaetsenar.org.br\/faet\/wp-json\/wp\/v2\/categories?post=3526"},{"taxonomy":"post_tag","embeddable":true,"href":"https:\/\/sistemafaetsenar.org.br\/faet\/wp-json\/wp\/v2\/tags?post=3526"}],"curies":[{"name":"wp","href":"https:\/\/api.w.org\/{rel}","templated":true}]}}