{"id":3518,"date":"2025-08-13T10:20:54","date_gmt":"2025-08-13T13:20:54","guid":{"rendered":"https:\/\/sistemafaetsenar.org.br\/faet\/?p=3518"},"modified":"2025-08-13T11:45:06","modified_gmt":"2025-08-13T14:45:06","slug":"faet-emite-parecer-tecnico-sobre-decisao-do-stf-sobre-desmatamento-ilegal","status":"publish","type":"post","link":"https:\/\/sistemafaetsenar.org.br\/faet\/faet-emite-parecer-tecnico-sobre-decisao-do-stf-sobre-desmatamento-ilegal\/","title":{"rendered":"FAET emite Parecer T\u00e9cnico sobre decis\u00e3o do STF sobre desmatamento ilegal"},"content":{"rendered":"<p>Com o objetivo de orientar os produtores rurais e refor\u00e7ar a import\u00e2ncia das medidas preventivas, a FAET elaborou um parecer t\u00e9cnico detalhado sobre uma decis\u00e3o recente do Supremo Tribunal Federal (STF). O documento explica como a medida pode afetar o dia a dia de quem vive e produz no campo.<\/p>\n<p>&nbsp;<\/p>\n<p>O STF decidiu que propriedades rurais onde houver desmatamento ilegal ou inc\u00eandio doloso poder\u00e3o ser desapropriadas.<\/p>\n<p>&nbsp;<\/p>\n<p><a href=\"https:\/\/sistemafaetsenar.org.br\/faet\/wp-content\/uploads\/2025\/08\/Parecer-Tecnico-ADPF-743-1.pdf\">Parecer T\u00e9cnico &#8211; ADPF 743 (1)<\/a><\/p>\n","protected":false},"excerpt":{"rendered":"<p>Com o objetivo de orientar os produtores rurais e refor\u00e7ar a import\u00e2ncia das medidas preventivas, a FAET elaborou um parecer t\u00e9cnico detalhado sobre uma decis\u00e3o recente do Supremo Tribunal Federal (STF). O documento explica como a medida pode afetar o dia a dia de quem vive e produz no campo. &nbsp; O STF decidiu que [&hellip;]<\/p>\n","protected":false},"author":3,"featured_media":3520,"comment_status":"open","ping_status":"open","sticky":false,"template":"","format":"standard","meta":{"kia_subtitle":"","footnotes":""},"categories":[26],"tags":[],"class_list":["post-3518","post","type-post","status-publish","format-standard","has-post-thumbnail","hentry","category-noticia-principal"],"_links":{"self":[{"href":"https:\/\/sistemafaetsenar.org.br\/faet\/wp-json\/wp\/v2\/posts\/3518"}],"collection":[{"href":"https:\/\/sistemafaetsenar.org.br\/faet\/wp-json\/wp\/v2\/posts"}],"about":[{"href":"https:\/\/sistemafaetsenar.org.br\/faet\/wp-json\/wp\/v2\/types\/post"}],"author":[{"embeddable":true,"href":"https:\/\/sistemafaetsenar.org.br\/faet\/wp-json\/wp\/v2\/users\/3"}],"replies":[{"embeddable":true,"href":"https:\/\/sistemafaetsenar.org.br\/faet\/wp-json\/wp\/v2\/comments?post=3518"}],"version-history":[{"count":0,"href":"https:\/\/sistemafaetsenar.org.br\/faet\/wp-json\/wp\/v2\/posts\/3518\/revisions"}],"wp:featuredmedia":[{"embeddable":true,"href":"https:\/\/sistemafaetsenar.org.br\/faet\/wp-json\/wp\/v2\/media\/3520"}],"wp:attachment":[{"href":"https:\/\/sistemafaetsenar.org.br\/faet\/wp-json\/wp\/v2\/media?parent=3518"}],"wp:term":[{"taxonomy":"category","embeddable":true,"href":"https:\/\/sistemafaetsenar.org.br\/faet\/wp-json\/wp\/v2\/categories?post=3518"},{"taxonomy":"post_tag","embeddable":true,"href":"https:\/\/sistemafaetsenar.org.br\/faet\/wp-json\/wp\/v2\/tags?post=3518"}],"curies":[{"name":"wp","href":"https:\/\/api.w.org\/{rel}","templated":true}]}}