{"id":3513,"date":"2025-08-11T16:29:03","date_gmt":"2025-08-11T19:29:03","guid":{"rendered":"https:\/\/sistemafaetsenar.org.br\/faet\/?p=3513"},"modified":"2025-08-11T16:35:49","modified_gmt":"2025-08-11T19:35:49","slug":"faet-lanca-boletim-informativo-com-o-panorama-do-agro-tocantinense","status":"publish","type":"post","link":"https:\/\/sistemafaetsenar.org.br\/faet\/faet-lanca-boletim-informativo-com-o-panorama-do-agro-tocantinense\/","title":{"rendered":"FAET lan\u00e7a boletim informativo com o panorama do agro tocantinense"},"content":{"rendered":"<p>A Federa\u00e7\u00e3o da Agricultura e Pecu\u00e1ria do Tocantins (FAET) vai divulgar regularmente agora o AGROFAET. O novo produto da entidade \u00e9 um boletim digital, que a princ\u00edpio ser\u00e1 divulgado trimestralmente, com um panorama do setor agropecu\u00e1rio do estado.<\/p>\n<p>&nbsp;<\/p>\n<p>Desenvolvido pela Assessoria T\u00e9cnica da FAET, o boletim, nesta primeira vers\u00e3o, vai trazer dados econ\u00f4micos das principais cadeias produtivas do Tocantins, indicadores e evolu\u00e7\u00e3o de pre\u00e7os e produ\u00e7\u00e3o da \u00faltima safra agr\u00edcola.<\/p>\n<p>&nbsp;<\/p>\n<p>Coordenador desta iniciativa, o Assessor de Rela\u00e7\u00f5es Institucionais da FAET, Luiz Cl\u00e1udio Faria, explicou que a assessoria t\u00e9cnica foi estruturada recentemente para otimizar a representa\u00e7\u00e3o do setor produtivo junto a diferentes espa\u00e7os de decis\u00e3o, como conselhos, c\u00e2maras t\u00e9cnicas e comiss\u00f5es de setor da Confedera\u00e7\u00e3o da Agricultura e Pecu\u00e1ria do Brasil (CNA), al\u00e9m de participar do debate sobre pautas estrat\u00e9gicas nos \u00e2mbitos estadual e nacional.<\/p>\n<p>&nbsp;<\/p>\n<p>&#8220;Nosso trabalho envolve temas que v\u00e3o \u2018da porteira para fora\u2019, como quest\u00f5es fundi\u00e1rias, ambientais, produtivas, fiscais e outras demandas essenciais para o fortalecimento do setor agropecu\u00e1rio. Al\u00e9m disso, a FAET realiza levantamentos detalhados das cadeias produtivas do Tocantins, produzindo dados que embasam o di\u00e1logo t\u00e9cnico com o governo e demais institui\u00e7\u00f5es&#8221;, destacou.<\/p>\n<p>&nbsp;<\/p>\n<p>O AgroFAET vem para unir essas informa\u00e7\u00f5es em um \u00fanico espa\u00e7o, permitindo que produtores, lideran\u00e7as e sociedade acompanhem n\u00e3o apenas a evolu\u00e7\u00e3o do setor agropecu\u00e1rio no estado como a atua\u00e7\u00e3o da FAET. O peri\u00f3dico j\u00e1 est\u00e1 dispon\u00edvel para ampla consulta e, inicialmente, ser\u00e1 apenas no formato digital.<\/p>\n<p>&nbsp;<\/p>\n<p>\u201c\u00c9 mais um passo da FAET para prestar um servi\u00e7o ao produtor rural cada vez melhor e dentro das expectativas do setor\u201d, disse o presidente, do Sistema FAET\/Senar, Paulo Carneiro.<\/p>\n<p>&nbsp;<\/p>\n<p><a href=\"https:\/\/sistemafaetsenar.org.br\/faet\/boletim-agrofaet\/\">Clique e confira a 1\u00ba edi\u00e7\u00e3o do Boletim AGROFAET <\/a><\/p>\n","protected":false},"excerpt":{"rendered":"<p>A Federa\u00e7\u00e3o da Agricultura e Pecu\u00e1ria do Tocantins (FAET) vai divulgar regularmente agora o AGROFAET. O novo produto da entidade \u00e9 um boletim digital, que a princ\u00edpio ser\u00e1 divulgado trimestralmente, com um panorama do setor agropecu\u00e1rio do estado. &nbsp; Desenvolvido pela Assessoria T\u00e9cnica da FAET, o boletim, nesta primeira vers\u00e3o, vai trazer dados econ\u00f4micos das [&hellip;]<\/p>\n","protected":false},"author":3,"featured_media":3514,"comment_status":"open","ping_status":"open","sticky":false,"template":"","format":"standard","meta":{"kia_subtitle":"","footnotes":""},"categories":[26],"tags":[],"class_list":["post-3513","post","type-post","status-publish","format-standard","has-post-thumbnail","hentry","category-noticia-principal"],"_links":{"self":[{"href":"https:\/\/sistemafaetsenar.org.br\/faet\/wp-json\/wp\/v2\/posts\/3513"}],"collection":[{"href":"https:\/\/sistemafaetsenar.org.br\/faet\/wp-json\/wp\/v2\/posts"}],"about":[{"href":"https:\/\/sistemafaetsenar.org.br\/faet\/wp-json\/wp\/v2\/types\/post"}],"author":[{"embeddable":true,"href":"https:\/\/sistemafaetsenar.org.br\/faet\/wp-json\/wp\/v2\/users\/3"}],"replies":[{"embeddable":true,"href":"https:\/\/sistemafaetsenar.org.br\/faet\/wp-json\/wp\/v2\/comments?post=3513"}],"version-history":[{"count":0,"href":"https:\/\/sistemafaetsenar.org.br\/faet\/wp-json\/wp\/v2\/posts\/3513\/revisions"}],"wp:featuredmedia":[{"embeddable":true,"href":"https:\/\/sistemafaetsenar.org.br\/faet\/wp-json\/wp\/v2\/media\/3514"}],"wp:attachment":[{"href":"https:\/\/sistemafaetsenar.org.br\/faet\/wp-json\/wp\/v2\/media?parent=3513"}],"wp:term":[{"taxonomy":"category","embeddable":true,"href":"https:\/\/sistemafaetsenar.org.br\/faet\/wp-json\/wp\/v2\/categories?post=3513"},{"taxonomy":"post_tag","embeddable":true,"href":"https:\/\/sistemafaetsenar.org.br\/faet\/wp-json\/wp\/v2\/tags?post=3513"}],"curies":[{"name":"wp","href":"https:\/\/api.w.org\/{rel}","templated":true}]}}