{"id":3492,"date":"2025-08-11T10:52:22","date_gmt":"2025-08-11T13:52:22","guid":{"rendered":"https:\/\/sistemafaetsenar.org.br\/faet\/?p=3492"},"modified":"2025-08-11T10:53:00","modified_gmt":"2025-08-11T13:53:00","slug":"entidades-do-agro-debatem-contrato-do-redd-e-cobram-transparencia-sobre-creditos-de-carbono","status":"publish","type":"post","link":"https:\/\/sistemafaetsenar.org.br\/faet\/entidades-do-agro-debatem-contrato-do-redd-e-cobram-transparencia-sobre-creditos-de-carbono\/","title":{"rendered":"Entidades do agro debatem contrato do REDD+ e cobram transpar\u00eancia sobre cr\u00e9ditos de carbono"},"content":{"rendered":"<p>A FAET \u2013 Federa\u00e7\u00e3o da Agricultura e Pecu\u00e1ria do Estado do Tocantins, e as demais entidades representativas do setor agropecu\u00e1rio estiveram reunidas com representantes dos \u00f3rg\u00e3os estaduais para debater os termos do contrato entre o Governo do Tocantins e a Mercuria Energy Group, para a comercializa\u00e7\u00e3o dos cr\u00e9ditos de carbono gerados no estado.<\/p>\n<p>&nbsp;<\/p>\n<p>O Tocantins foi o primeiro estado brasileiro a submeter seu sistema jurisdicional ao padr\u00e3o internacional ART Trees, o mais usado na verifica\u00e7\u00e3o de cr\u00e9ditos de carbono gerados em uma jurisdi\u00e7\u00e3o inteira em vez de propriedades isoladas, E a Mercuria \u00e9 a empresa parceira e investidora no processo de estrutura\u00e7\u00e3o e comercializa\u00e7\u00e3o dos cr\u00e9ditos.<\/p>\n<p>&nbsp;<\/p>\n<p>Segundo o presidente da Topar (Tocantins Parcerias), Aleandro Lacerda, a reuni\u00e3o serviu para mostrar \u00e0s entidades que o programa n\u00e3o pretende ampliar qualquer restri\u00e7\u00e3o \u00e0 atividade produtiva, al\u00e9m do que j\u00e1 est\u00e1 previsto no C\u00f3digo Florestal.<\/p>\n<p>&nbsp;<\/p>\n<p><img fetchpriority=\"high\" decoding=\"async\" class=\"alignnone wp-image-3493\" src=\"https:\/\/sistemafaetsenar.org.br\/faet\/wp-content\/uploads\/2025\/08\/WhatsApp-Image-2025-08-11-at-09.24.57-1-300x200.jpeg\" alt=\"\" width=\"761\" height=\"507\" srcset=\"https:\/\/sistemafaetsenar.org.br\/faet\/wp-content\/uploads\/2025\/08\/WhatsApp-Image-2025-08-11-at-09.24.57-1-300x200.jpeg 300w, https:\/\/sistemafaetsenar.org.br\/faet\/wp-content\/uploads\/2025\/08\/WhatsApp-Image-2025-08-11-at-09.24.57-1-1024x682.jpeg 1024w, https:\/\/sistemafaetsenar.org.br\/faet\/wp-content\/uploads\/2025\/08\/WhatsApp-Image-2025-08-11-at-09.24.57-1.jpeg 1600w\" sizes=\"(max-width: 761px) 100vw, 761px\" \/><\/p>\n<p>&nbsp;<\/p>\n<p>\u201cO REED+ est\u00e1 no Tocantins desde 2005. Mostramos aqui que conseguimos reduzir as \u00e1reas degradadas e o desmatamento combatendo o fogo, nosso maior inimigo. Nesse per\u00edodo, houve uma grande evolu\u00e7\u00e3o do agro sem qualquer impedimento da atividade agr\u00edcola\u201d, disse.<\/p>\n<p>&nbsp;<\/p>\n<p>O Secret\u00e1rio Estadual de Meio Ambiente, Marcelo L\u00e9lis, destacou que o contrato atual visa apenas dar continuidade ao programa e proporcionar que o Governo do Estado receba pelos cr\u00e9ditos que j\u00e1 foram conquistados com a redu\u00e7\u00e3o das emiss\u00f5es de carbono.<\/p>\n<p>&nbsp;<\/p>\n<p>\u201cO que n\u00f3s estamos fazendo agora \u00e9 certificar cr\u00e9ditos passados, gerados pelo Tocantins entre 2020 e 2024, um trabalho feito por todos os tocantinenses, ent\u00e3o \u00e9 obvio que n\u00f3s queiramos receber por esse trabalho que j\u00e1 foi feito\u201d, argumentou o secret\u00e1rio.<\/p>\n<p>&nbsp;<\/p>\n<p><img decoding=\"async\" class=\"alignnone wp-image-3494\" src=\"https:\/\/sistemafaetsenar.org.br\/faet\/wp-content\/uploads\/2025\/08\/WhatsApp-Image-2025-08-11-at-09.25.19-1-300x225.jpeg\" alt=\"\" width=\"773\" height=\"580\" srcset=\"https:\/\/sistemafaetsenar.org.br\/faet\/wp-content\/uploads\/2025\/08\/WhatsApp-Image-2025-08-11-at-09.25.19-1-300x225.jpeg 300w, https:\/\/sistemafaetsenar.org.br\/faet\/wp-content\/uploads\/2025\/08\/WhatsApp-Image-2025-08-11-at-09.25.19-1-1024x768.jpeg 1024w\" sizes=\"(max-width: 773px) 100vw, 773px\" \/><\/p>\n<p>&nbsp;<\/p>\n<p>\u201cEssa demanda \u00e9 sens\u00edvel ao setor porque existem muitas agendas ambientais amedrontando o agroneg\u00f3cio. Viemos aqui pra ouvir e buscar a melhor solu\u00e7\u00e3o para n\u00f3s produtores e o Governo do Estado\u201d, destacou Dino Gabriel, presidente da ADSTO (Associa\u00e7\u00e3o de Desenvolvimento Sustent\u00e1vel do Tocantins).<\/p>\n<p>&nbsp;<\/p>\n<p>Para sanar as d\u00favidas, al\u00e9m das explica\u00e7\u00f5es dadas, os representantes do governo se comprometeram a garantir o acesso das entidades a todas informa\u00e7\u00f5es necess\u00e1rias. A FAET foi a primeira a solicitar acesso total ao contrato.<\/p>\n<p>&nbsp;<\/p>\n<p>\u201cSa\u00edmos daqui mais otimista, porque vamos ter acesso ao contrato para que ele possa ser analisado por nossas assessorias jur\u00eddicas. E a\u00ed, tenho certeza que teremos um parecer robusto em condi\u00e7\u00f5es de garantir que nada prejudique os planos do Governo do Estado e nem os nossos produtores\u201d, explicou Paulo Carneiro, presidente da FAET.<\/p>\n<p>&nbsp;<\/p>\n<p><img decoding=\"async\" class=\"alignnone wp-image-3495\" src=\"https:\/\/sistemafaetsenar.org.br\/faet\/wp-content\/uploads\/2025\/08\/WhatsApp-Image-2025-08-11-at-09.24.58-1-300x169.jpeg\" alt=\"\" width=\"784\" height=\"442\" srcset=\"https:\/\/sistemafaetsenar.org.br\/faet\/wp-content\/uploads\/2025\/08\/WhatsApp-Image-2025-08-11-at-09.24.58-1-300x169.jpeg 300w, https:\/\/sistemafaetsenar.org.br\/faet\/wp-content\/uploads\/2025\/08\/WhatsApp-Image-2025-08-11-at-09.24.58-1-1024x576.jpeg 1024w, https:\/\/sistemafaetsenar.org.br\/faet\/wp-content\/uploads\/2025\/08\/WhatsApp-Image-2025-08-11-at-09.24.58-1.jpeg 1600w\" sizes=\"(max-width: 784px) 100vw, 784px\" \/><\/p>\n<p>&nbsp;<\/p>\n<p>A reuni\u00e3o foi realizada no audit\u00f3rio do Sistema OCB Tocantins (Organiza\u00e7\u00e3o das Cooperativas do Brasil), em Palmas. Al\u00e9m da FAET e OCB tamb\u00e9m estavam presentes representantes da Aprosoja, Associa\u00e7\u00e3o Novilho Precoce Tocantins (ANPT), ADSTO e sindicatos rurais.<\/p>\n","protected":false},"excerpt":{"rendered":"<p>A FAET \u2013 Federa\u00e7\u00e3o da Agricultura e Pecu\u00e1ria do Estado do Tocantins, e as demais entidades representativas do setor agropecu\u00e1rio estiveram reunidas com representantes dos \u00f3rg\u00e3os estaduais para debater os termos do contrato entre o Governo do Tocantins e a Mercuria Energy Group, para a comercializa\u00e7\u00e3o dos cr\u00e9ditos de carbono gerados no estado. &nbsp; O [&hellip;]<\/p>\n","protected":false},"author":7,"featured_media":0,"comment_status":"open","ping_status":"open","sticky":false,"template":"","format":"standard","meta":{"kia_subtitle":"","footnotes":""},"categories":[1],"tags":[],"class_list":["post-3492","post","type-post","status-publish","format-standard","hentry","category-blog"],"_links":{"self":[{"href":"https:\/\/sistemafaetsenar.org.br\/faet\/wp-json\/wp\/v2\/posts\/3492"}],"collection":[{"href":"https:\/\/sistemafaetsenar.org.br\/faet\/wp-json\/wp\/v2\/posts"}],"about":[{"href":"https:\/\/sistemafaetsenar.org.br\/faet\/wp-json\/wp\/v2\/types\/post"}],"author":[{"embeddable":true,"href":"https:\/\/sistemafaetsenar.org.br\/faet\/wp-json\/wp\/v2\/users\/7"}],"replies":[{"embeddable":true,"href":"https:\/\/sistemafaetsenar.org.br\/faet\/wp-json\/wp\/v2\/comments?post=3492"}],"version-history":[{"count":0,"href":"https:\/\/sistemafaetsenar.org.br\/faet\/wp-json\/wp\/v2\/posts\/3492\/revisions"}],"wp:attachment":[{"href":"https:\/\/sistemafaetsenar.org.br\/faet\/wp-json\/wp\/v2\/media?parent=3492"}],"wp:term":[{"taxonomy":"category","embeddable":true,"href":"https:\/\/sistemafaetsenar.org.br\/faet\/wp-json\/wp\/v2\/categories?post=3492"},{"taxonomy":"post_tag","embeddable":true,"href":"https:\/\/sistemafaetsenar.org.br\/faet\/wp-json\/wp\/v2\/tags?post=3492"}],"curies":[{"name":"wp","href":"https:\/\/api.w.org\/{rel}","templated":true}]}}