{"id":3473,"date":"2025-07-23T17:43:48","date_gmt":"2025-07-23T20:43:48","guid":{"rendered":"https:\/\/sistemafaetsenar.org.br\/faet\/?p=3473"},"modified":"2025-07-23T17:49:58","modified_gmt":"2025-07-23T20:49:58","slug":"faet-parabeniza-governo-estadual-por-lei-contra-a-moratoria-da-soja","status":"publish","type":"post","link":"https:\/\/sistemafaetsenar.org.br\/faet\/faet-parabeniza-governo-estadual-por-lei-contra-a-moratoria-da-soja\/","title":{"rendered":"FAET PARABENIZA GOVERNO ESTADUAL POR LEI CONTRA A MORAT\u00d3RIA DA SOJA"},"content":{"rendered":"<p>A FAET \u2013 Federa\u00e7\u00e3o da Agricultura e Pecu\u00e1ria do Estado do Tocantins \u2013 parabenizou o governador Wanderlei Barbosa pela san\u00e7\u00e3o do projeto de lei que impede a aplica\u00e7\u00e3o da chamada \u201cMorat\u00f3ria da Soja\u201d no estado, usada como condi\u00e7\u00e3o para que o produtor acesse incentivos ou benef\u00edcios do estado.<\/p>\n<p>&nbsp;<\/p>\n<p>O projeto \u00e9 de auditoria do deputado estadual Gutierres Torquato, presidente da Frente Parlamentar do Agroneg\u00f3cio (FPA), e teve o apoio de ampla maioria dos deputados da Assembleia Legislativa do Tocantins.<\/p>\n<p>&nbsp;<\/p>\n<p>O governador j\u00e1 havia firmado compromisso de sancionar o projeto de lei em audi\u00eancia com as entidades do agro tocantinense no dia 21 de julho. Na ocasi\u00e3o, ele destacou que a medida visa resguardar o direito do produtor tocantinense de continuar produzindo.<\/p>\n<p>&nbsp;<\/p>\n<p>\u201cQueremos que as empresas do mundo compreendam a import\u00e2ncia da produ\u00e7\u00e3o tocantinense, um estado novo que produz de maneira sustent\u00e1vel, equilibrada, cuidando do meio ambiente, mas precisamos continuar produzindo\u201d, disse o governador.<\/p>\n<p>&nbsp;<\/p>\n<p>A projeto que agora virou lei n\u00e3o trata exclusivamente da Morat\u00f3ria da Soja, a inten\u00e7\u00e3o \u00e9 barrar qualquer pr\u00e1tica comercial que imponha restri\u00e7\u00f5es ou san\u00e7\u00f5es privadas incompat\u00edveis com os marcos legais nacionais, especialmente no que diz respeito \u00e0 produ\u00e7\u00e3o agropecu\u00e1ria.<\/p>\n<p>&nbsp;<\/p>\n<p>Para o presidente da FAET, Paulo Carneiro, a morat\u00f3ria da soja \u00e9 uma iniciativa que poderia inibir o crescimento da produ\u00e7\u00e3o no Tocantins. \u201cO nosso estado precisa de seguran\u00e7a e liberdade para continuar crescendo, por isso, precisamos combater qualquer tipo de iniciativa que visa construir obst\u00e1culos para o avan\u00e7o do agroneg\u00f3cio\u201d, destacou.<\/p>\n<p>&nbsp;<\/p>\n<p>A FAET destacou ainda que o C\u00f3digo Florestal brasileiro tem regras claras e bem definidas que garantem a preserva\u00e7\u00e3o e prote\u00e7\u00e3o do meio ambiente, sem restringir a atividade produtiva. Segundo a entidade, numa eventual extens\u00e3o da morat\u00f3ria da soja, o impacto poderia alcan\u00e7ar a cifra de R$ 18 bilh\u00f5es anualmente, apenas nas cadeias de soja e milho.<\/p>\n","protected":false},"excerpt":{"rendered":"<p>A FAET \u2013 Federa\u00e7\u00e3o da Agricultura e Pecu\u00e1ria do Estado do Tocantins \u2013 parabenizou o governador Wanderlei Barbosa pela san\u00e7\u00e3o do projeto de lei que impede a aplica\u00e7\u00e3o da chamada \u201cMorat\u00f3ria da Soja\u201d no estado, usada como condi\u00e7\u00e3o para que o produtor acesse incentivos ou benef\u00edcios do estado. &nbsp; O projeto \u00e9 de auditoria do [&hellip;]<\/p>\n","protected":false},"author":3,"featured_media":3474,"comment_status":"open","ping_status":"open","sticky":false,"template":"","format":"standard","meta":{"kia_subtitle":"Governador sancionou o decreto-lei e publica\u00e7\u00e3o j\u00e1 foi feita no Di\u00e1rio Oficial","footnotes":""},"categories":[26],"tags":[],"class_list":["post-3473","post","type-post","status-publish","format-standard","has-post-thumbnail","hentry","category-noticia-principal"],"_links":{"self":[{"href":"https:\/\/sistemafaetsenar.org.br\/faet\/wp-json\/wp\/v2\/posts\/3473"}],"collection":[{"href":"https:\/\/sistemafaetsenar.org.br\/faet\/wp-json\/wp\/v2\/posts"}],"about":[{"href":"https:\/\/sistemafaetsenar.org.br\/faet\/wp-json\/wp\/v2\/types\/post"}],"author":[{"embeddable":true,"href":"https:\/\/sistemafaetsenar.org.br\/faet\/wp-json\/wp\/v2\/users\/3"}],"replies":[{"embeddable":true,"href":"https:\/\/sistemafaetsenar.org.br\/faet\/wp-json\/wp\/v2\/comments?post=3473"}],"version-history":[{"count":0,"href":"https:\/\/sistemafaetsenar.org.br\/faet\/wp-json\/wp\/v2\/posts\/3473\/revisions"}],"wp:featuredmedia":[{"embeddable":true,"href":"https:\/\/sistemafaetsenar.org.br\/faet\/wp-json\/wp\/v2\/media\/3474"}],"wp:attachment":[{"href":"https:\/\/sistemafaetsenar.org.br\/faet\/wp-json\/wp\/v2\/media?parent=3473"}],"wp:term":[{"taxonomy":"category","embeddable":true,"href":"https:\/\/sistemafaetsenar.org.br\/faet\/wp-json\/wp\/v2\/categories?post=3473"},{"taxonomy":"post_tag","embeddable":true,"href":"https:\/\/sistemafaetsenar.org.br\/faet\/wp-json\/wp\/v2\/tags?post=3473"}],"curies":[{"name":"wp","href":"https:\/\/api.w.org\/{rel}","templated":true}]}}