{"id":3448,"date":"2025-07-21T18:02:15","date_gmt":"2025-07-21T21:02:15","guid":{"rendered":"https:\/\/sistemafaetsenar.org.br\/faet\/?p=3448"},"modified":"2025-07-21T18:02:15","modified_gmt":"2025-07-21T21:02:15","slug":"agroforte-em-natividade-reuniu-produtores-e-trabalhadores-rurais","status":"publish","type":"post","link":"https:\/\/sistemafaetsenar.org.br\/faet\/agroforte-em-natividade-reuniu-produtores-e-trabalhadores-rurais\/","title":{"rendered":"AGROFORTE EM NATIVIDADE REUNIU PRODUTORES E TRABALHADORES RURAIS"},"content":{"rendered":"<h2 data-start=\"429\" data-end=\"483\"><strong data-start=\"432\" data-end=\"483\">Natividade: tradi\u00e7\u00e3o hist\u00f3rica e for\u00e7a no campo<\/strong><\/h2>\n<p data-start=\"485\" data-end=\"1151\">Reconhecida como a \u201cm\u00e3e do Tocantins\u201d, Natividade \u00e9 um munic\u00edpio que carrega em sua arquitetura colonial e em sua trajet\u00f3ria hist\u00f3rica um valor simb\u00f3lico para todo o estado. Al\u00e9m disso, a cidade tamb\u00e9m se destaca por sua expressiva participa\u00e7\u00e3o no setor agropecu\u00e1rio. Com uma vasta \u00e1rea de pastagens e produ\u00e7\u00e3o significativa de lavouras como soja, arroz, feij\u00e3o e milho \u2014 Natividade tem se consolidado, cada vez mais, no desenvolvimento agr\u00edcola e o fortalecimento do campo. O munic\u00edpio apresenta ainda grande potencial para a produ\u00e7\u00e3o de sementes, o que amplia suas possibilidades de protagonismo no cen\u00e1rio estadual do agroneg\u00f3cio.<\/p>\n<p data-start=\"485\" data-end=\"1151\">\n<p data-start=\"485\" data-end=\"1151\">\n<h2 data-start=\"1153\" data-end=\"1194\"><strong data-start=\"1156\" data-end=\"1194\">Conhecimento e tecnologia no campo<\/strong><\/h2>\n<p data-start=\"1196\" data-end=\"1588\">A edi\u00e7\u00e3o 2025 do AgroForte em Natividade reuniu cerca de 200 pessoas ao longo da programa\u00e7\u00e3o, n\u00famero superior ao registrado no ano anterior. O evento, promovido pelo Sindicato Rural de Natividade em parceria com o Sistema FAET\/Senar, ofertou palestras voltadas a produtores, trabalhadores rurais e mulheres do agro, abordando temas como distribui\u00e7\u00e3o de calc\u00e1rio para a agricultura familiar, regulariza\u00e7\u00e3o ambiental, \u00a0retifica\u00e7\u00e3o fundi\u00e1ria, entre outros.<\/p>\n<p data-start=\"1196\" data-end=\"1588\">\n<p data-start=\"1844\" data-end=\"2002\">Segundo Fl\u00e1via Germendorff, presidente do Sindicato Rural de Natividade, o evento cumpre um papel estrat\u00e9gico ao conectar o produtor com novas pr\u00e1ticas:<\/p>\n<p data-start=\"1844\" data-end=\"2002\">\n<p data-start=\"1844\" data-end=\"2002\"><em data-start=\"2005\" data-end=\"2115\">\u201cA gente vem trazendo todo conhecimento para o produtor rural e tamb\u00e9m trazendo uma amostra de tecnologias.\u201d<\/em><\/p>\n<p data-start=\"2005\" data-end=\"2115\">\n<p data-start=\"2005\" data-end=\"2115\">\n<p data-start=\"2005\" data-end=\"2115\"><img fetchpriority=\"high\" decoding=\"async\" class=\"alignnone  wp-image-3450\" src=\"https:\/\/sistemafaetsenar.org.br\/faet\/wp-content\/uploads\/2025\/07\/WhatsApp-Image-2025-07-21-at-17.39.34-300x169.jpeg\" alt=\"\" width=\"776\" height=\"437\" srcset=\"https:\/\/sistemafaetsenar.org.br\/faet\/wp-content\/uploads\/2025\/07\/WhatsApp-Image-2025-07-21-at-17.39.34-300x169.jpeg 300w, https:\/\/sistemafaetsenar.org.br\/faet\/wp-content\/uploads\/2025\/07\/WhatsApp-Image-2025-07-21-at-17.39.34-1024x576.jpeg 1024w, https:\/\/sistemafaetsenar.org.br\/faet\/wp-content\/uploads\/2025\/07\/WhatsApp-Image-2025-07-21-at-17.39.34.jpeg 1920w\" sizes=\"(max-width: 776px) 100vw, 776px\" \/><\/p>\n<p data-start=\"2005\" data-end=\"2115\">\n<p data-start=\"2005\" data-end=\"2115\">\n<p data-start=\"2005\" data-end=\"2115\">\n<p data-start=\"2005\" data-end=\"2115\">\n<p data-start=\"2005\" data-end=\"2115\"><img decoding=\"async\" class=\"alignnone  wp-image-3460\" src=\"https:\/\/sistemafaetsenar.org.br\/faet\/wp-content\/uploads\/2025\/07\/WhatsApp-Image-2025-07-21-at-17.22.53-2-1-300x169.jpeg\" alt=\"\" width=\"770\" height=\"434\" srcset=\"https:\/\/sistemafaetsenar.org.br\/faet\/wp-content\/uploads\/2025\/07\/WhatsApp-Image-2025-07-21-at-17.22.53-2-1-300x169.jpeg 300w, https:\/\/sistemafaetsenar.org.br\/faet\/wp-content\/uploads\/2025\/07\/WhatsApp-Image-2025-07-21-at-17.22.53-2-1-1024x576.jpeg 1024w\" sizes=\"(max-width: 770px) 100vw, 770px\" \/><\/p>\n<p data-start=\"2005\" data-end=\"2115\">\n<p data-start=\"2005\" data-end=\"2115\">\n<h2 data-start=\"2117\" data-end=\"2154\"><strong data-start=\"2120\" data-end=\"2154\">Mulheres do agro ganham espa\u00e7o<\/strong><\/h2>\n<p data-start=\"2156\" data-end=\"2461\">A programa\u00e7\u00e3o voltada para mulheres do Agro trouxe momentos de reflex\u00e3o e troca de experi\u00eancias sobre o papel feminino no agroneg\u00f3cio, refor\u00e7ando a import\u00e2ncia do protagonismo feminino no setor.<\/p>\n<p data-start=\"2156\" data-end=\"2461\">\n<p data-start=\"2156\" data-end=\"2461\"><em data-start=\"2465\" data-end=\"2657\">\u201cMulheres \u00e0 frente do agro, no trabalho. N\u00f3s mulheres estamos ganhando essa for\u00e7a a cada dia que se passa e uma palestra como essa \u00e9 de suma import\u00e2ncia para n\u00f3s. Estou muito grata e feliz.\u201d <\/em>declarou L\u00edvia B\u00e1rbara Nascimento, participante do evento.<\/p>\n<p data-start=\"2156\" data-end=\"2461\">\n<p data-start=\"2465\" data-end=\"2722\"><em data-start=\"2726\" data-end=\"2789\">\u201cEssa palestra foi emocionante. Acho que valeu muito a pena!\u201d <\/em>completou Herty Gotz Germendorff, tamb\u00e9m presente na a\u00e7\u00e3o.<\/p>\n<p data-start=\"2465\" data-end=\"2722\">\n<p data-start=\"2726\" data-end=\"2854\">\n<p data-start=\"2726\" data-end=\"2854\"><img decoding=\"async\" class=\"alignnone  wp-image-3457\" src=\"https:\/\/sistemafaetsenar.org.br\/faet\/wp-content\/uploads\/2025\/07\/IMG_0033-300x169.jpg\" alt=\"\" width=\"765\" height=\"431\" srcset=\"https:\/\/sistemafaetsenar.org.br\/faet\/wp-content\/uploads\/2025\/07\/IMG_0033-300x169.jpg 300w, https:\/\/sistemafaetsenar.org.br\/faet\/wp-content\/uploads\/2025\/07\/IMG_0033-1024x578.jpg 1024w\" sizes=\"(max-width: 765px) 100vw, 765px\" \/><\/p>\n<p data-start=\"2726\" data-end=\"2854\">\n<p data-start=\"2726\" data-end=\"2854\">\n<p data-start=\"2726\" data-end=\"2854\"><img loading=\"lazy\" decoding=\"async\" class=\"alignnone  wp-image-3456\" src=\"https:\/\/sistemafaetsenar.org.br\/faet\/wp-content\/uploads\/2025\/07\/IMG_0128-300x169.jpg\" alt=\"\" width=\"765\" height=\"431\" srcset=\"https:\/\/sistemafaetsenar.org.br\/faet\/wp-content\/uploads\/2025\/07\/IMG_0128-300x169.jpg 300w, https:\/\/sistemafaetsenar.org.br\/faet\/wp-content\/uploads\/2025\/07\/IMG_0128-1024x578.jpg 1024w\" sizes=\"(max-width: 765px) 100vw, 765px\" \/><\/p>\n<p data-start=\"2726\" data-end=\"2854\">\n<h2 data-start=\"2856\" data-end=\"2886\"><strong data-start=\"2859\" data-end=\"2886\">Fortalecimento cont\u00ednuo<\/strong><\/h2>\n<p><em data-start=\"3150\" data-end=\"3273\">\u201cNosso AgroForte vem para fortalecer o agro a partir da difus\u00e3o do conhecimento, com palestras, semin\u00e1rios, tecnologias.\u201d <\/em>destacou Paulo Carneiro, durante o evento.<\/p>\n<p>&nbsp;<\/p>\n<p>O Agroforte \u00e9 uma iniciativa da FAET, SENAR, Sindicato Rural de Natividade, com o apoio do Minist\u00e9rio da Agricultura e Pecu\u00e1ria (MAPA) e Governo Federal (TF 956148-2024)<\/p>\n<p>&nbsp;<\/p>\n<p><img loading=\"lazy\" decoding=\"async\" class=\"alignnone  wp-image-3469\" src=\"https:\/\/sistemafaetsenar.org.br\/faet\/wp-content\/uploads\/2025\/07\/WhatsApp-Image-2025-07-21-at-17.20.10-6-300x169.jpeg\" alt=\"\" width=\"779\" height=\"439\" srcset=\"https:\/\/sistemafaetsenar.org.br\/faet\/wp-content\/uploads\/2025\/07\/WhatsApp-Image-2025-07-21-at-17.20.10-6-300x169.jpeg 300w, https:\/\/sistemafaetsenar.org.br\/faet\/wp-content\/uploads\/2025\/07\/WhatsApp-Image-2025-07-21-at-17.20.10-6-1024x576.jpeg 1024w, https:\/\/sistemafaetsenar.org.br\/faet\/wp-content\/uploads\/2025\/07\/WhatsApp-Image-2025-07-21-at-17.20.10-6.jpeg 1280w\" sizes=\"(max-width: 779px) 100vw, 779px\" \/><\/p>\n<p data-start=\"3275\" data-end=\"3483\">\n","protected":false},"excerpt":{"rendered":"<p>Natividade: tradi\u00e7\u00e3o hist\u00f3rica e for\u00e7a no campo Reconhecida como a \u201cm\u00e3e do Tocantins\u201d, Natividade \u00e9 um munic\u00edpio que carrega em sua arquitetura colonial e em sua trajet\u00f3ria hist\u00f3rica um valor simb\u00f3lico para todo o estado. Al\u00e9m disso, a cidade tamb\u00e9m se destaca por sua expressiva participa\u00e7\u00e3o no setor agropecu\u00e1rio. Com uma vasta \u00e1rea de pastagens [&hellip;]<\/p>\n","protected":false},"author":7,"featured_media":3449,"comment_status":"open","ping_status":"open","sticky":false,"template":"","format":"standard","meta":{"kia_subtitle":"Difus\u00e3o de Conhecimento e fortalecimento do setor agropecu\u00e1rio na regi\u00e3o","footnotes":""},"categories":[1],"tags":[],"class_list":["post-3448","post","type-post","status-publish","format-standard","has-post-thumbnail","hentry","category-blog"],"_links":{"self":[{"href":"https:\/\/sistemafaetsenar.org.br\/faet\/wp-json\/wp\/v2\/posts\/3448"}],"collection":[{"href":"https:\/\/sistemafaetsenar.org.br\/faet\/wp-json\/wp\/v2\/posts"}],"about":[{"href":"https:\/\/sistemafaetsenar.org.br\/faet\/wp-json\/wp\/v2\/types\/post"}],"author":[{"embeddable":true,"href":"https:\/\/sistemafaetsenar.org.br\/faet\/wp-json\/wp\/v2\/users\/7"}],"replies":[{"embeddable":true,"href":"https:\/\/sistemafaetsenar.org.br\/faet\/wp-json\/wp\/v2\/comments?post=3448"}],"version-history":[{"count":0,"href":"https:\/\/sistemafaetsenar.org.br\/faet\/wp-json\/wp\/v2\/posts\/3448\/revisions"}],"wp:featuredmedia":[{"embeddable":true,"href":"https:\/\/sistemafaetsenar.org.br\/faet\/wp-json\/wp\/v2\/media\/3449"}],"wp:attachment":[{"href":"https:\/\/sistemafaetsenar.org.br\/faet\/wp-json\/wp\/v2\/media?parent=3448"}],"wp:term":[{"taxonomy":"category","embeddable":true,"href":"https:\/\/sistemafaetsenar.org.br\/faet\/wp-json\/wp\/v2\/categories?post=3448"},{"taxonomy":"post_tag","embeddable":true,"href":"https:\/\/sistemafaetsenar.org.br\/faet\/wp-json\/wp\/v2\/tags?post=3448"}],"curies":[{"name":"wp","href":"https:\/\/api.w.org\/{rel}","templated":true}]}}