{"id":3440,"date":"2025-07-18T15:14:59","date_gmt":"2025-07-18T18:14:59","guid":{"rendered":"https:\/\/sistemafaetsenar.org.br\/faet\/?p=3440"},"modified":"2025-07-18T15:14:59","modified_gmt":"2025-07-18T18:14:59","slug":"exponatividade-movimenta-economia-cultura-e-o-campo-em-natividade-pelo-segundo-ano-consecutivo","status":"publish","type":"post","link":"https:\/\/sistemafaetsenar.org.br\/faet\/exponatividade-movimenta-economia-cultura-e-o-campo-em-natividade-pelo-segundo-ano-consecutivo\/","title":{"rendered":"Exponatividade movimenta economia, cultura e o campo em Natividade pelo segundo ano consecutivo"},"content":{"rendered":"<p>\u201cEst\u00e1 sendo de uma emo\u00e7\u00e3o sem tamanho poder entregar mais um ano desse evento. O com\u00e9rcio gira, hot\u00e9is lotados&#8230; \u00c9 a mobiliza\u00e7\u00e3o de uma cidade inteira\u201d, destacou Fl\u00e1via Germendorff, Presidente do Sindicato Rural de Natividade, emocionada com a resposta do p\u00fablico e a ades\u00e3o dos parceiros.<\/p>\n<p><img fetchpriority=\"high\" decoding=\"async\" class=\"size-medium wp-image-3442 aligncenter\" src=\"https:\/\/sistemafaetsenar.org.br\/faet\/wp-content\/uploads\/2025\/07\/WhatsApp-Image-2025-07-18-at-14.34.37-300x169.jpeg\" alt=\"\" width=\"300\" height=\"169\" srcset=\"https:\/\/sistemafaetsenar.org.br\/faet\/wp-content\/uploads\/2025\/07\/WhatsApp-Image-2025-07-18-at-14.34.37-300x169.jpeg 300w, https:\/\/sistemafaetsenar.org.br\/faet\/wp-content\/uploads\/2025\/07\/WhatsApp-Image-2025-07-18-at-14.34.37-1024x576.jpeg 1024w, https:\/\/sistemafaetsenar.org.br\/faet\/wp-content\/uploads\/2025\/07\/WhatsApp-Image-2025-07-18-at-14.34.37.jpeg 1600w\" sizes=\"(max-width: 300px) 100vw, 300px\" \/><\/p>\n<p>Ap\u00f3s a retomada da realiza\u00e7\u00e3o da tradicional festa agropecu\u00e1ria, o munic\u00edpio de Natividade voltou a sediar, pelo segundo ano consecutivo, a ExpoAgro de Natividade.<\/p>\n<p>Localizada no sudeste tocantinense, Natividade carrega o t\u00edtulo de \u201cm\u00e3e do Tocantins\u201d e se destaca pela arquitetura colonial e import\u00e2ncia hist\u00f3rica. Durante o evento, que reuniu a popula\u00e7\u00e3o local e das cidades circunvizinhas, a cidade viveu dias de intensa movimenta\u00e7\u00e3o econ\u00f4mica, pol\u00edtica e social.<\/p>\n<p>Expositores de ve\u00edculos, m\u00e1quinas agr\u00edcolas, representantes de institui\u00e7\u00f5es financeiras e empreendedores rurais. A festa contou ainda com a participa\u00e7\u00e3o de autoridades estaduais, secret\u00e1rios, deputados e l\u00edderes do setor agropecu\u00e1rio.<\/p>\n<p><img decoding=\"async\" class=\"size-medium wp-image-3443 aligncenter\" src=\"https:\/\/sistemafaetsenar.org.br\/faet\/wp-content\/uploads\/2025\/07\/WhatsApp-Image-2025-07-18-at-14.34.35-300x225.jpeg\" alt=\"\" width=\"300\" height=\"225\" srcset=\"https:\/\/sistemafaetsenar.org.br\/faet\/wp-content\/uploads\/2025\/07\/WhatsApp-Image-2025-07-18-at-14.34.35-300x225.jpeg 300w, https:\/\/sistemafaetsenar.org.br\/faet\/wp-content\/uploads\/2025\/07\/WhatsApp-Image-2025-07-18-at-14.34.35-1024x768.jpeg 1024w, https:\/\/sistemafaetsenar.org.br\/faet\/wp-content\/uploads\/2025\/07\/WhatsApp-Image-2025-07-18-at-14.34.35.jpeg 1600w\" sizes=\"(max-width: 300px) 100vw, 300px\" \/><\/p>\n<p>O sistema FAET\/Senar foi um dos principais parceiros. Com o programa Agroforte, promoveu a\u00e7\u00f5es voltadas \u00e0 regulariza\u00e7\u00e3o ambiental e capacita\u00e7\u00e3o t\u00e9cnica. \u201cO sistema Faet\/Senar est\u00e1 presente nessa festa para fortalecer o Agro. Com o Agroforte trouxemos o programa RetifiCAR e, al\u00e9m disso, palestras para os produtores e trabalhadores da regi\u00e3o! Eu tenho certeza que \u00e9 o nosso produtor rural que sai ganhando\u201d, afirmou Paulo Carneiro, presidente do Sistema FAET\/Senar.<\/p>\n<p><img decoding=\"async\" class=\"size-medium wp-image-3445 aligncenter\" src=\"https:\/\/sistemafaetsenar.org.br\/faet\/wp-content\/uploads\/2025\/07\/WhatsApp-Image-2025-07-18-at-14.34.36-300x169.jpeg\" alt=\"\" width=\"300\" height=\"169\" srcset=\"https:\/\/sistemafaetsenar.org.br\/faet\/wp-content\/uploads\/2025\/07\/WhatsApp-Image-2025-07-18-at-14.34.36-300x169.jpeg 300w, https:\/\/sistemafaetsenar.org.br\/faet\/wp-content\/uploads\/2025\/07\/WhatsApp-Image-2025-07-18-at-14.34.36-1024x576.jpeg 1024w, https:\/\/sistemafaetsenar.org.br\/faet\/wp-content\/uploads\/2025\/07\/WhatsApp-Image-2025-07-18-at-14.34.36.jpeg 1600w\" sizes=\"(max-width: 300px) 100vw, 300px\" \/><\/p>\n<p>&nbsp;<\/p>\n<p>Para Beto Lima, secret\u00e1rio de Ind\u00fastria, Com\u00e9rcio e Servi\u00e7os do Tocantins, a festa vai al\u00e9m do entretenimento. \u201cEssas festas agropecu\u00e1rias fazem parte da cultura do tocantinense. Engrandece e impulsiona a economia do nosso Estado, ajudando o Tocantins a atingir indicadores econ\u00f4micos positivos no cen\u00e1rio nacional\u201d, ressaltou.<\/p>\n<p><img loading=\"lazy\" decoding=\"async\" class=\"size-medium wp-image-3446 aligncenter\" src=\"https:\/\/sistemafaetsenar.org.br\/faet\/wp-content\/uploads\/2025\/07\/WhatsApp-Image-2025-07-18-at-14.34.35-1-1-300x169.jpeg\" alt=\"\" width=\"300\" height=\"169\" srcset=\"https:\/\/sistemafaetsenar.org.br\/faet\/wp-content\/uploads\/2025\/07\/WhatsApp-Image-2025-07-18-at-14.34.35-1-1-300x169.jpeg 300w, https:\/\/sistemafaetsenar.org.br\/faet\/wp-content\/uploads\/2025\/07\/WhatsApp-Image-2025-07-18-at-14.34.35-1-1-1024x576.jpeg 1024w, https:\/\/sistemafaetsenar.org.br\/faet\/wp-content\/uploads\/2025\/07\/WhatsApp-Image-2025-07-18-at-14.34.35-1-1.jpeg 1600w\" sizes=\"(max-width: 300px) 100vw, 300px\" \/><\/p>\n<p>&nbsp;<\/p>\n<p>O presidente do Ruraltins, Osires Damaso, tamb\u00e9m enalteceu o papel da feira como ambiente de articula\u00e7\u00e3o rural. \u201c\u00c9 uma festa realmente que alegra toda a popula\u00e7\u00e3o da regi\u00e3o. E al\u00e9m disso, \u00e9 um espa\u00e7o para promover ao produtor rural a retifica\u00e7\u00e3o do CAR\u201d, disse, referindo-se ao Cadastro Ambiental Rural.<\/p>\n<p>J\u00e1 o superintendente da FAET, Frederico Sodr\u00e9, relembrou a import\u00e2ncia do resgate cultural promovido pelo evento: \u201cH\u00e1 muitos anos essa festa estava parada e estarmos presentes nesse segundo ano \u00e9 um grande privil\u00e9gio\u201d.<\/p>\n<p>A presen\u00e7a de autoridades como Hercy Filho, secret\u00e1rio estadual de Turismo, refor\u00e7ou o car\u00e1ter multidimensional da Exponatividade, que se consolida como ponto de encontro entre o setor produtivo rural, pol\u00edticas p\u00fablicas e desenvolvimento local.<\/p>\n<p>A ExpoNatividade \u00e9 uma realiza\u00e7\u00e3o do Sindicato Rural de Natividade, com apoio do Sistema FAET\/Senar\/Sindicatos, da Secretaria Estadual da Ind\u00fastria, Com\u00e9rcio e Servi\u00e7os, da Secretaria Estadual do Turismo, do Conselho de Desenvolvimento Econ\u00f4mico do Estado (CDE), do Programa de Impulsionamento da Ind\u00fastria, Com\u00e9rcio e Servi\u00e7os (PICS) e do Governo do Tocantins.<\/p>\n","protected":false},"excerpt":{"rendered":"<p>\u201cEst\u00e1 sendo de uma emo\u00e7\u00e3o sem tamanho poder entregar mais um ano desse evento. O com\u00e9rcio gira, hot\u00e9is lotados&#8230; \u00c9 a mobiliza\u00e7\u00e3o de uma cidade inteira\u201d, destacou Fl\u00e1via Germendorff, Presidente do Sindicato Rural de Natividade, emocionada com a resposta do p\u00fablico e a ades\u00e3o dos parceiros. Ap\u00f3s a retomada da realiza\u00e7\u00e3o da tradicional festa agropecu\u00e1ria, [&hellip;]<\/p>\n","protected":false},"author":7,"featured_media":3441,"comment_status":"open","ping_status":"open","sticky":false,"template":"","format":"standard","meta":{"kia_subtitle":"","footnotes":""},"categories":[16],"tags":[132,133,134,89],"class_list":["post-3440","post","type-post","status-publish","format-standard","has-post-thumbnail","hentry","category-feiras-e-eventos","tag-exponatividade","tag-natividade","tag-sindicatos","tag-sindicatos-rurais"],"_links":{"self":[{"href":"https:\/\/sistemafaetsenar.org.br\/faet\/wp-json\/wp\/v2\/posts\/3440"}],"collection":[{"href":"https:\/\/sistemafaetsenar.org.br\/faet\/wp-json\/wp\/v2\/posts"}],"about":[{"href":"https:\/\/sistemafaetsenar.org.br\/faet\/wp-json\/wp\/v2\/types\/post"}],"author":[{"embeddable":true,"href":"https:\/\/sistemafaetsenar.org.br\/faet\/wp-json\/wp\/v2\/users\/7"}],"replies":[{"embeddable":true,"href":"https:\/\/sistemafaetsenar.org.br\/faet\/wp-json\/wp\/v2\/comments?post=3440"}],"version-history":[{"count":0,"href":"https:\/\/sistemafaetsenar.org.br\/faet\/wp-json\/wp\/v2\/posts\/3440\/revisions"}],"wp:featuredmedia":[{"embeddable":true,"href":"https:\/\/sistemafaetsenar.org.br\/faet\/wp-json\/wp\/v2\/media\/3441"}],"wp:attachment":[{"href":"https:\/\/sistemafaetsenar.org.br\/faet\/wp-json\/wp\/v2\/media?parent=3440"}],"wp:term":[{"taxonomy":"category","embeddable":true,"href":"https:\/\/sistemafaetsenar.org.br\/faet\/wp-json\/wp\/v2\/categories?post=3440"},{"taxonomy":"post_tag","embeddable":true,"href":"https:\/\/sistemafaetsenar.org.br\/faet\/wp-json\/wp\/v2\/tags?post=3440"}],"curies":[{"name":"wp","href":"https:\/\/api.w.org\/{rel}","templated":true}]}}