{"id":3434,"date":"2025-07-16T14:20:45","date_gmt":"2025-07-16T17:20:45","guid":{"rendered":"https:\/\/sistemafaetsenar.org.br\/faet\/?p=3434"},"modified":"2025-07-16T14:20:45","modified_gmt":"2025-07-16T17:20:45","slug":"edital-de-divulgacao-da-chapa-registrada","status":"publish","type":"post","link":"https:\/\/sistemafaetsenar.org.br\/faet\/edital-de-divulgacao-da-chapa-registrada\/","title":{"rendered":"Edital de Divulga\u00e7\u00e3o da Chapa Registrada"},"content":{"rendered":"<p>Em cumprimento \u00e0s disposi\u00e7\u00f5es estatut\u00e1rias, a Comiss\u00e3o Eleitoral da FAET apresenta o Edital de Divulga\u00e7\u00e3o da Chapa Registrada, conforme documento anexo.<\/p>\n<p>&nbsp;<\/p>\n<p><a href=\"https:\/\/sistemafaetsenar.org.br\/faet\/wp-content\/uploads\/2025\/07\/Edital-de-divulgacao-chapa-registrada.pdf\">Edital de divulga\u00e7\u00e3o chapa registrada<\/a><\/p>\n","protected":false},"excerpt":{"rendered":"<p>Em cumprimento \u00e0s disposi\u00e7\u00f5es estatut\u00e1rias, a Comiss\u00e3o Eleitoral da FAET apresenta o Edital de Divulga\u00e7\u00e3o da Chapa Registrada, conforme documento anexo. &nbsp; Edital de divulga\u00e7\u00e3o chapa registrada<\/p>\n","protected":false},"author":3,"featured_media":3437,"comment_status":"open","ping_status":"open","sticky":false,"template":"","format":"standard","meta":{"kia_subtitle":"","footnotes":""},"categories":[26],"tags":[],"class_list":["post-3434","post","type-post","status-publish","format-standard","has-post-thumbnail","hentry","category-noticia-principal"],"_links":{"self":[{"href":"https:\/\/sistemafaetsenar.org.br\/faet\/wp-json\/wp\/v2\/posts\/3434"}],"collection":[{"href":"https:\/\/sistemafaetsenar.org.br\/faet\/wp-json\/wp\/v2\/posts"}],"about":[{"href":"https:\/\/sistemafaetsenar.org.br\/faet\/wp-json\/wp\/v2\/types\/post"}],"author":[{"embeddable":true,"href":"https:\/\/sistemafaetsenar.org.br\/faet\/wp-json\/wp\/v2\/users\/3"}],"replies":[{"embeddable":true,"href":"https:\/\/sistemafaetsenar.org.br\/faet\/wp-json\/wp\/v2\/comments?post=3434"}],"version-history":[{"count":0,"href":"https:\/\/sistemafaetsenar.org.br\/faet\/wp-json\/wp\/v2\/posts\/3434\/revisions"}],"wp:featuredmedia":[{"embeddable":true,"href":"https:\/\/sistemafaetsenar.org.br\/faet\/wp-json\/wp\/v2\/media\/3437"}],"wp:attachment":[{"href":"https:\/\/sistemafaetsenar.org.br\/faet\/wp-json\/wp\/v2\/media?parent=3434"}],"wp:term":[{"taxonomy":"category","embeddable":true,"href":"https:\/\/sistemafaetsenar.org.br\/faet\/wp-json\/wp\/v2\/categories?post=3434"},{"taxonomy":"post_tag","embeddable":true,"href":"https:\/\/sistemafaetsenar.org.br\/faet\/wp-json\/wp\/v2\/tags?post=3434"}],"curies":[{"name":"wp","href":"https:\/\/api.w.org\/{rel}","templated":true}]}}