{"id":3431,"date":"2025-07-16T09:18:38","date_gmt":"2025-07-16T12:18:38","guid":{"rendered":"https:\/\/sistemafaetsenar.org.br\/faet\/?p=3431"},"modified":"2025-07-16T09:18:38","modified_gmt":"2025-07-16T12:18:38","slug":"sindicato-rural-de-natividade-se-prepara-para-realizacao-da-exponatividade-2025","status":"publish","type":"post","link":"https:\/\/sistemafaetsenar.org.br\/faet\/sindicato-rural-de-natividade-se-prepara-para-realizacao-da-exponatividade-2025\/","title":{"rendered":"Sindicato Rural de Natividade se prepara para realiza\u00e7\u00e3o da ExpoNatividade 2025"},"content":{"rendered":"<p>O Sindicato Rural de Natividade realiza entre os dias 16 e 19 de junho a edi\u00e7\u00e3o 2025 da ExpoNatividade. O evento que acontece no Parque da Vaquejada \u201cDomingos Nunes da Silva\u201d oferece shows, rodeio e tamb\u00e9m palestras t\u00e9cnicas durante o AgroForte.<\/p>\n<p>&nbsp;<\/p>\n<p>Segundo Fl\u00e1via Germendorff, presidente do Sindicato Rural de Natividade, a expectativa \u00e9 receber quatro mil pessoas. \u201cEsse ano estamos preparados para um um evento maior. Com a exposi\u00e7\u00e3o de volta \u00e0 agenda, percebemos uma boa aceita\u00e7\u00e3o da cidade\u201d, acrescenta.<\/p>\n<p>&nbsp;<\/p>\n<p>O rodeio acontece durante tr\u00eas noites, nos dias 17, 18 e 19. Na quinta, 17, Flaguim Moral se apresenta. Na sexta, \u00e9 a vez de De\u00e1 Vele Santos. O encerramento, s\u00e1bado, 19, \u00e9 com o grupo Moleca Sem Vergonha. A programa\u00e7\u00e3o tamb\u00e9m re\u00fane artistas regionais, incluindo Gabriel dos Teclados, Setin dos Teclados, Adriano Lima e Locos Boys.<\/p>\n<p>&nbsp;<\/p>\n<p>O Agroforte, realizado pelo Sistema FAET\/Senar, vai estar presente com palestras e oficinas. Estandes locais e de fora do munic\u00edpio tamb\u00e9m exp\u00f5em produtos e implementos agr\u00edcolas.<\/p>\n<p>&nbsp;<\/p>\n<p>A Expo Natividade 2025 \u00e9 uma realiza\u00e7\u00e3o do Sindicato Rural de Natividade, com apoio do Sistema FAET\/Senar\/Sindicatos, da Secretaria Estadual da Ind\u00fastria, Com\u00e9rcio e Servi\u00e7os, da Secretaria Estadual do Turismo, do Conselho de Desenvolvimento Econ\u00f4mico do Estado (CDE), do Programa de Impulsionamento da Ind\u00fastria, Com\u00e9rcio e Servi\u00e7os (PICS) e do Governo do Tocantins.<\/p>\n","protected":false},"excerpt":{"rendered":"<p>O Sindicato Rural de Natividade realiza entre os dias 16 e 19 de junho a edi\u00e7\u00e3o 2025 da ExpoNatividade. O evento que acontece no Parque da Vaquejada \u201cDomingos Nunes da Silva\u201d oferece shows, rodeio e tamb\u00e9m palestras t\u00e9cnicas durante o AgroForte. &nbsp; Segundo Fl\u00e1via Germendorff, presidente do Sindicato Rural de Natividade, a expectativa \u00e9 receber [&hellip;]<\/p>\n","protected":false},"author":3,"featured_media":3432,"comment_status":"open","ping_status":"open","sticky":false,"template":"","format":"standard","meta":{"kia_subtitle":"","footnotes":""},"categories":[26],"tags":[],"class_list":["post-3431","post","type-post","status-publish","format-standard","has-post-thumbnail","hentry","category-noticia-principal"],"_links":{"self":[{"href":"https:\/\/sistemafaetsenar.org.br\/faet\/wp-json\/wp\/v2\/posts\/3431"}],"collection":[{"href":"https:\/\/sistemafaetsenar.org.br\/faet\/wp-json\/wp\/v2\/posts"}],"about":[{"href":"https:\/\/sistemafaetsenar.org.br\/faet\/wp-json\/wp\/v2\/types\/post"}],"author":[{"embeddable":true,"href":"https:\/\/sistemafaetsenar.org.br\/faet\/wp-json\/wp\/v2\/users\/3"}],"replies":[{"embeddable":true,"href":"https:\/\/sistemafaetsenar.org.br\/faet\/wp-json\/wp\/v2\/comments?post=3431"}],"version-history":[{"count":0,"href":"https:\/\/sistemafaetsenar.org.br\/faet\/wp-json\/wp\/v2\/posts\/3431\/revisions"}],"wp:featuredmedia":[{"embeddable":true,"href":"https:\/\/sistemafaetsenar.org.br\/faet\/wp-json\/wp\/v2\/media\/3432"}],"wp:attachment":[{"href":"https:\/\/sistemafaetsenar.org.br\/faet\/wp-json\/wp\/v2\/media?parent=3431"}],"wp:term":[{"taxonomy":"category","embeddable":true,"href":"https:\/\/sistemafaetsenar.org.br\/faet\/wp-json\/wp\/v2\/categories?post=3431"},{"taxonomy":"post_tag","embeddable":true,"href":"https:\/\/sistemafaetsenar.org.br\/faet\/wp-json\/wp\/v2\/tags?post=3431"}],"curies":[{"name":"wp","href":"https:\/\/api.w.org\/{rel}","templated":true}]}}