{"id":3423,"date":"2025-07-14T18:14:22","date_gmt":"2025-07-14T21:14:22","guid":{"rendered":"https:\/\/sistemafaetsenar.org.br\/faet\/?p=3423"},"modified":"2025-07-14T18:18:01","modified_gmt":"2025-07-14T21:18:01","slug":"eleicao-da-faet-vai-ter-chapa-unica","status":"publish","type":"post","link":"https:\/\/sistemafaetsenar.org.br\/faet\/eleicao-da-faet-vai-ter-chapa-unica\/","title":{"rendered":"ELEI\u00c7\u00c3O DA FAET VAI TER CHAPA \u00daNICA"},"content":{"rendered":"<p>Apenas uma chapa foi inscrita para a elei\u00e7\u00e3o da nova diretoria da Federa\u00e7\u00e3o da Agricultura e Pecu\u00e1ria do Estado do Tocantins \u2013 FAET, marcada para o pr\u00f3ximo dia 3 de outubro.<\/p>\n<p><img fetchpriority=\"high\" decoding=\"async\" class=\"alignnone wp-image-3426 size-large\" src=\"https:\/\/sistemafaetsenar.org.br\/faet\/wp-content\/uploads\/2025\/07\/WhatsApp-Image-2025-07-14-at-18.13.45-1024x611.jpeg\" alt=\"\" width=\"780\" height=\"465\" srcset=\"https:\/\/sistemafaetsenar.org.br\/faet\/wp-content\/uploads\/2025\/07\/WhatsApp-Image-2025-07-14-at-18.13.45-1024x611.jpeg 1024w, https:\/\/sistemafaetsenar.org.br\/faet\/wp-content\/uploads\/2025\/07\/WhatsApp-Image-2025-07-14-at-18.13.45-300x179.jpeg 300w, https:\/\/sistemafaetsenar.org.br\/faet\/wp-content\/uploads\/2025\/07\/WhatsApp-Image-2025-07-14-at-18.13.45.jpeg 1600w\" sizes=\"(max-width: 780px) 100vw, 780px\" \/><\/p>\n<p>Liderada pelo atual presidente da entidade, Paulo Carneiro, a chapa \u201cAlian\u00e7a pelo Agro\u201d oficializou a participa\u00e7\u00e3o no pleito nesta segunda-feira, 14 de julho, como a presen\u00e7a dos integrantes da nova diretoria e do Conselho Fiscal.<\/p>\n<p>&nbsp;<\/p>\n<p>\u201cEssa composi\u00e7\u00e3o representa a confirma\u00e7\u00e3o da unidade deste grupo em benef\u00edcio do produtor rural tocantinense e tamb\u00e9m a certeza de que estamos no caminho certo para fortalecer cada vez mais a entidade, que \u00e9 a representa\u00e7\u00e3o maior do agro do nosso estado\u201d, destacou Paulo Carneiro.<\/p>\n<p>&nbsp;<\/p>\n<p>O presidente assinou o requerimento solicitando o registro da chapa \u201cAlian\u00e7a pelo Agro\u201d, ao lado dos companheiros de chapa, junto \u00e0 Comiss\u00e3o Eleitoral da FAET, na sede da entidade em Palmas.<\/p>\n<p>&nbsp;<\/p>\n<p>Na ocasi\u00e3o tamb\u00e9m foi entregue a ficha de qualifica\u00e7\u00e3o e todos os documentos necess\u00e1rios dos membros da \u201cAlian\u00e7a pelo Agro\u201d. A nova diretoria, a ser eleita em outubro, vai comandar a FAET no per\u00edodo de 2026 a 2029.<\/p>\n<p>&nbsp;<\/p>\n<p><img decoding=\"async\" class=\"alignnone wp-image-3425 size-large\" src=\"https:\/\/sistemafaetsenar.org.br\/faet\/wp-content\/uploads\/2025\/07\/WhatsApp-Image-2025-07-14-at-17.52.25-1-1024x768.jpeg\" alt=\"\" width=\"780\" height=\"585\" srcset=\"https:\/\/sistemafaetsenar.org.br\/faet\/wp-content\/uploads\/2025\/07\/WhatsApp-Image-2025-07-14-at-17.52.25-1-1024x768.jpeg 1024w, https:\/\/sistemafaetsenar.org.br\/faet\/wp-content\/uploads\/2025\/07\/WhatsApp-Image-2025-07-14-at-17.52.25-1-300x225.jpeg 300w, https:\/\/sistemafaetsenar.org.br\/faet\/wp-content\/uploads\/2025\/07\/WhatsApp-Image-2025-07-14-at-17.52.25-1.jpeg 1600w\" sizes=\"(max-width: 780px) 100vw, 780px\" \/><\/p>\n<p>&nbsp;<\/p>\n<p>CLIQUE PARA CONFERIR A CHAPA<\/p>\n<p><a href=\"https:\/\/sistemafaetsenar.org.br\/faet\/wp-content\/uploads\/2025\/07\/CHAPA-01.pdf\">CHAPA 01<\/a><\/p>\n","protected":false},"excerpt":{"rendered":"<p>Apenas uma chapa foi inscrita para a elei\u00e7\u00e3o da nova diretoria da Federa\u00e7\u00e3o da Agricultura e Pecu\u00e1ria do Estado do Tocantins \u2013 FAET, marcada para o pr\u00f3ximo dia 3 de outubro. Liderada pelo atual presidente da entidade, Paulo Carneiro, a chapa \u201cAlian\u00e7a pelo Agro\u201d oficializou a participa\u00e7\u00e3o no pleito nesta segunda-feira, 14 de julho, como [&hellip;]<\/p>\n","protected":false},"author":3,"featured_media":3425,"comment_status":"open","ping_status":"open","sticky":false,"template":"","format":"standard","meta":{"kia_subtitle":"\u201cAlian\u00e7a pelo Agro\u201d \u00e9 liderada por Paulo Carneiro, presidente atual","footnotes":""},"categories":[26],"tags":[],"class_list":["post-3423","post","type-post","status-publish","format-standard","has-post-thumbnail","hentry","category-noticia-principal"],"_links":{"self":[{"href":"https:\/\/sistemafaetsenar.org.br\/faet\/wp-json\/wp\/v2\/posts\/3423"}],"collection":[{"href":"https:\/\/sistemafaetsenar.org.br\/faet\/wp-json\/wp\/v2\/posts"}],"about":[{"href":"https:\/\/sistemafaetsenar.org.br\/faet\/wp-json\/wp\/v2\/types\/post"}],"author":[{"embeddable":true,"href":"https:\/\/sistemafaetsenar.org.br\/faet\/wp-json\/wp\/v2\/users\/3"}],"replies":[{"embeddable":true,"href":"https:\/\/sistemafaetsenar.org.br\/faet\/wp-json\/wp\/v2\/comments?post=3423"}],"version-history":[{"count":0,"href":"https:\/\/sistemafaetsenar.org.br\/faet\/wp-json\/wp\/v2\/posts\/3423\/revisions"}],"wp:featuredmedia":[{"embeddable":true,"href":"https:\/\/sistemafaetsenar.org.br\/faet\/wp-json\/wp\/v2\/media\/3425"}],"wp:attachment":[{"href":"https:\/\/sistemafaetsenar.org.br\/faet\/wp-json\/wp\/v2\/media?parent=3423"}],"wp:term":[{"taxonomy":"category","embeddable":true,"href":"https:\/\/sistemafaetsenar.org.br\/faet\/wp-json\/wp\/v2\/categories?post=3423"},{"taxonomy":"post_tag","embeddable":true,"href":"https:\/\/sistemafaetsenar.org.br\/faet\/wp-json\/wp\/v2\/tags?post=3423"}],"curies":[{"name":"wp","href":"https:\/\/api.w.org\/{rel}","templated":true}]}}