{"id":3417,"date":"2025-07-14T09:38:56","date_gmt":"2025-07-14T12:38:56","guid":{"rendered":"https:\/\/sistemafaetsenar.org.br\/faet\/?p=3417"},"modified":"2025-07-14T09:38:56","modified_gmt":"2025-07-14T12:38:56","slug":"ex-ministro-aldo-rebelo-defende-que-tocantins-precisa-enfrentar-entraves-ambientais-para-se-tornar-potencia-no-agro","status":"publish","type":"post","link":"https:\/\/sistemafaetsenar.org.br\/faet\/ex-ministro-aldo-rebelo-defende-que-tocantins-precisa-enfrentar-entraves-ambientais-para-se-tornar-potencia-no-agro\/","title":{"rendered":"Ex-ministro Aldo Rebelo defende que Tocantins precisa enfrentar entraves ambientais para se tornar pot\u00eancia no agro"},"content":{"rendered":"<p>Durante a palestra no AgroForte, evento realizado dentro da programa\u00e7\u00e3o da ExpoAlmas 2025, o jornalista, escritor e ex-ministro Aldo Rebelo foi direto ao apontar os principais desafios que o Tocantins e o Brasil enfrentam para avan\u00e7ar no setor agropecu\u00e1rio.<\/p>\n<p>&nbsp;<\/p>\n<p><img fetchpriority=\"high\" decoding=\"async\" class=\"alignnone wp-image-3420 size-large\" src=\"https:\/\/sistemafaetsenar.org.br\/faet\/wp-content\/uploads\/2025\/07\/WhatsApp-Image-2025-07-11-at-19.55.18-3-1024x683.jpeg\" alt=\"\" width=\"780\" height=\"520\" srcset=\"https:\/\/sistemafaetsenar.org.br\/faet\/wp-content\/uploads\/2025\/07\/WhatsApp-Image-2025-07-11-at-19.55.18-3-1024x683.jpeg 1024w, https:\/\/sistemafaetsenar.org.br\/faet\/wp-content\/uploads\/2025\/07\/WhatsApp-Image-2025-07-11-at-19.55.18-3-300x200.jpeg 300w, https:\/\/sistemafaetsenar.org.br\/faet\/wp-content\/uploads\/2025\/07\/WhatsApp-Image-2025-07-11-at-19.55.18-3.jpeg 1280w\" sizes=\"(max-width: 780px) 100vw, 780px\" \/><\/p>\n<p>&nbsp;<\/p>\n<p>Segundo ele, \u201co primeiro desafio \u00e9 produzir com alta tecnologia, o que exige conhecimento t\u00e9cnico e acesso \u00e0 inova\u00e7\u00e3o. O segundo \u00e9 mais complexo: um desafio diplom\u00e1tico que n\u00e3o cabe ao produtor, mas ao pa\u00eds\u201d.<\/p>\n<p>&nbsp;<\/p>\n<p>\u201cAbrir mercados, proteger nossa atividade da concorr\u00eancia internacional que muitas vezes usa o tema ambiental como ferramenta, inclusive com acusa\u00e7\u00f5es contra a pr\u00f3pria atividade. \u00c9 preciso agir com os \u00f3rg\u00e3os ambientais, muitos deles ainda agem contra a atividade produtiva do Brasil. Esses desafios precisam ser enfrentados para que o pa\u00eds possa continuar avan\u00e7ando\u201d, destacou Rebelo.<\/p>\n<p>&nbsp;<\/p>\n<p>A palestra fez parte da programa\u00e7\u00e3o do AgroForte, uma realiza\u00e7\u00e3o do Sistema FAET\/Senar, em parceria com o Sindicato Rural de Almas e Minist\u00e9rio da Agricultura e Pecu\u00e1ria (MAPA), com apoio do Sebrae e Governo Federal, durante a programa\u00e7\u00e3o da ExpoAlmas 2025.<\/p>\n<p>&nbsp;<\/p>\n<p><img decoding=\"async\" class=\"alignnone wp-image-3421 size-large\" src=\"https:\/\/sistemafaetsenar.org.br\/faet\/wp-content\/uploads\/2025\/07\/WhatsApp-Image-2025-07-11-at-19.55.18-1-1024x683.jpeg\" alt=\"\" width=\"780\" height=\"520\" srcset=\"https:\/\/sistemafaetsenar.org.br\/faet\/wp-content\/uploads\/2025\/07\/WhatsApp-Image-2025-07-11-at-19.55.18-1-1024x683.jpeg 1024w, https:\/\/sistemafaetsenar.org.br\/faet\/wp-content\/uploads\/2025\/07\/WhatsApp-Image-2025-07-11-at-19.55.18-1-300x200.jpeg 300w, https:\/\/sistemafaetsenar.org.br\/faet\/wp-content\/uploads\/2025\/07\/WhatsApp-Image-2025-07-11-at-19.55.18-1.jpeg 1280w\" sizes=\"(max-width: 780px) 100vw, 780px\" \/><\/p>\n<p>&nbsp;<\/p>\n<p>Aldo tamb\u00e9m ressaltou que produzir com alta tecnologia \u00e9 essencial. Outro ponto abordado foi a import\u00e2ncia da regi\u00e3o do MATOPIBA (Maranh\u00e3o, Tocantins, Piau\u00ed e Bahia), considerada uma das mais promissoras para o agroneg\u00f3cio brasileiro.<\/p>\n<p>&nbsp;<\/p>\n<p>\u201cO Tocantins integra o mais importante polo do Matopiba, uma regi\u00e3o que tem se desenvolvido muito, com recursos naturais de terra, \u00e1gua e clima favor\u00e1veis. Al\u00e9m disso, vive a transi\u00e7\u00e3o da agropecu\u00e1ria para a agroind\u00fastria, criando empregos e gerando insumos.\u201d<\/p>\n<p>&nbsp;<\/p>\n<p>O ex-ministro finalizou destacando o potencial atual e futuro do estado: \u201cO Tocantins j\u00e1 pode exibir um grande dinamismo na sua atividade agropecu\u00e1ria, com um rebanho bovino expressivo, e \u00e9 um estado capaz de exportar gr\u00e3os, carne\u2026 Isso d\u00e1 ao Tocantins e ao Brasil a possibilidade de olhar para o futuro com otimismo, garantindo a seguran\u00e7a alimentar da popula\u00e7\u00e3o brasileira e at\u00e9 de parte da popula\u00e7\u00e3o mundial.\u201d<\/p>\n<p>&nbsp;<\/p>\n<p>Para o presidente do Sistema FAET\/Senar\/Sindicatos, Paulo Carneiro, que participou do evento, \u201ca proposta \u00e9 levar informa\u00e7\u00e3o ao produtor sobre a conjuntura nacional e os impactos pol\u00edticos e econ\u00f4micos na agropecu\u00e1ria do pa\u00eds e do estado\u201d.<\/p>\n<p>&nbsp;<\/p>\n<p>A presidente do Sindicato Rural de Almas, Sandra Carneiro, destacou a import\u00e2ncia dos produtores rurais participarem de eventos como esse. \u201cEstamos felizes com o resultado do AgroForte, audit\u00f3rio lotado com a presen\u00e7a de produtores de Almas e regi\u00e3o\u201d, finalizou.<\/p>\n","protected":false},"excerpt":{"rendered":"<p>Durante a palestra no AgroForte, evento realizado dentro da programa\u00e7\u00e3o da ExpoAlmas 2025, o jornalista, escritor e ex-ministro Aldo Rebelo foi direto ao apontar os principais desafios que o Tocantins e o Brasil enfrentam para avan\u00e7ar no setor agropecu\u00e1rio. &nbsp; &nbsp; Segundo ele, \u201co primeiro desafio \u00e9 produzir com alta tecnologia, o que exige conhecimento [&hellip;]<\/p>\n","protected":false},"author":3,"featured_media":3418,"comment_status":"open","ping_status":"open","sticky":false,"template":"","format":"standard","meta":{"kia_subtitle":"","footnotes":""},"categories":[26],"tags":[],"class_list":["post-3417","post","type-post","status-publish","format-standard","has-post-thumbnail","hentry","category-noticia-principal"],"_links":{"self":[{"href":"https:\/\/sistemafaetsenar.org.br\/faet\/wp-json\/wp\/v2\/posts\/3417"}],"collection":[{"href":"https:\/\/sistemafaetsenar.org.br\/faet\/wp-json\/wp\/v2\/posts"}],"about":[{"href":"https:\/\/sistemafaetsenar.org.br\/faet\/wp-json\/wp\/v2\/types\/post"}],"author":[{"embeddable":true,"href":"https:\/\/sistemafaetsenar.org.br\/faet\/wp-json\/wp\/v2\/users\/3"}],"replies":[{"embeddable":true,"href":"https:\/\/sistemafaetsenar.org.br\/faet\/wp-json\/wp\/v2\/comments?post=3417"}],"version-history":[{"count":0,"href":"https:\/\/sistemafaetsenar.org.br\/faet\/wp-json\/wp\/v2\/posts\/3417\/revisions"}],"wp:featuredmedia":[{"embeddable":true,"href":"https:\/\/sistemafaetsenar.org.br\/faet\/wp-json\/wp\/v2\/media\/3418"}],"wp:attachment":[{"href":"https:\/\/sistemafaetsenar.org.br\/faet\/wp-json\/wp\/v2\/media?parent=3417"}],"wp:term":[{"taxonomy":"category","embeddable":true,"href":"https:\/\/sistemafaetsenar.org.br\/faet\/wp-json\/wp\/v2\/categories?post=3417"},{"taxonomy":"post_tag","embeddable":true,"href":"https:\/\/sistemafaetsenar.org.br\/faet\/wp-json\/wp\/v2\/tags?post=3417"}],"curies":[{"name":"wp","href":"https:\/\/api.w.org\/{rel}","templated":true}]}}