{"id":3402,"date":"2025-07-09T09:28:35","date_gmt":"2025-07-09T12:28:35","guid":{"rendered":"https:\/\/sistemafaetsenar.org.br\/faet\/?p=3402"},"modified":"2025-07-09T18:11:12","modified_gmt":"2025-07-09T21:11:12","slug":"faet-lanca-edital-para-eleicao-de-diretoria","status":"publish","type":"post","link":"https:\/\/sistemafaetsenar.org.br\/faet\/faet-lanca-edital-para-eleicao-de-diretoria\/","title":{"rendered":"FAET lan\u00e7a edital para elei\u00e7\u00e3o de diretoria"},"content":{"rendered":"<p>A Federa\u00e7\u00e3o da Agricultura e Pecu\u00e1ria do Estado do Tocantins (FAET) lan\u00e7ou, nesta quarta-feira, 9 de julho, o edital de convoca\u00e7\u00e3o para a elei\u00e7\u00e3o da Diretoria e do Conselho Fiscal da entidade para o quadri\u00eanio 2026\/2029.<\/p>\n<p>&nbsp;<\/p>\n<p>A elei\u00e7\u00e3o definir\u00e1 a nova composi\u00e7\u00e3o da entidade para os pr\u00f3ximos quatro anos e refor\u00e7a a import\u00e2ncia da representatividade do setor agropecu\u00e1rio no estado do Tocantins.<\/p>\n<p>&nbsp;<\/p>\n<p>De acordo com o documento, o pleito ser\u00e1 realizado no dia 3 de outubro de 2025, das 08h00 \u00e0s 17h00, em primeira convoca\u00e7\u00e3o, na sede da FAET, localizada na Quadra ACNO 1 (103 Norte), Conjunto 04, Rua NO 05, Lote 38, Plano Diretor Norte, em Palmas-TO.<\/p>\n<p>&nbsp;<\/p>\n<p>O edital tamb\u00e9m informa que est\u00e1 aberto o prazo de cinco dias corridos, a partir do primeiro dia \u00fatil ap\u00f3s a publica\u00e7\u00e3o, para o registro de chapas interessadas em disputar o comando da Federa\u00e7\u00e3o.<\/p>\n<p>&nbsp;<\/p>\n<p>O requerimento de registro dever\u00e1 ser entregue em duas vias, assinado pelo candidato \u00e0 presid\u00eancia, e acompanhado da documenta\u00e7\u00e3o prevista no Estatuto Social da entidade. A entrega deve ser feita no Protocolo Geral da FAET, durante o expediente comercial (08h00 \u00e0s 12h00 e das 14h00 \u00e0s 18h00)<\/p>\n<p>&nbsp;<\/p>\n<p><a href=\"https:\/\/sistemafaetsenar.org.br\/faet\/wp-content\/uploads\/2025\/07\/01.-EDITAL-DE-CONVOCACAO.pdf\">01. EDITAL DE CONVOCA\u00c7\u00c3O<\/a><\/p>\n","protected":false},"excerpt":{"rendered":"<p>A Federa\u00e7\u00e3o da Agricultura e Pecu\u00e1ria do Estado do Tocantins (FAET) lan\u00e7ou, nesta quarta-feira, 9 de julho, o edital de convoca\u00e7\u00e3o para a elei\u00e7\u00e3o da Diretoria e do Conselho Fiscal da entidade para o quadri\u00eanio 2026\/2029. &nbsp; A elei\u00e7\u00e3o definir\u00e1 a nova composi\u00e7\u00e3o da entidade para os pr\u00f3ximos quatro anos e refor\u00e7a a import\u00e2ncia da [&hellip;]<\/p>\n","protected":false},"author":7,"featured_media":3405,"comment_status":"open","ping_status":"open","sticky":false,"template":"","format":"standard","meta":{"kia_subtitle":"","footnotes":""},"categories":[26],"tags":[],"class_list":["post-3402","post","type-post","status-publish","format-standard","has-post-thumbnail","hentry","category-noticia-principal"],"_links":{"self":[{"href":"https:\/\/sistemafaetsenar.org.br\/faet\/wp-json\/wp\/v2\/posts\/3402"}],"collection":[{"href":"https:\/\/sistemafaetsenar.org.br\/faet\/wp-json\/wp\/v2\/posts"}],"about":[{"href":"https:\/\/sistemafaetsenar.org.br\/faet\/wp-json\/wp\/v2\/types\/post"}],"author":[{"embeddable":true,"href":"https:\/\/sistemafaetsenar.org.br\/faet\/wp-json\/wp\/v2\/users\/7"}],"replies":[{"embeddable":true,"href":"https:\/\/sistemafaetsenar.org.br\/faet\/wp-json\/wp\/v2\/comments?post=3402"}],"version-history":[{"count":0,"href":"https:\/\/sistemafaetsenar.org.br\/faet\/wp-json\/wp\/v2\/posts\/3402\/revisions"}],"wp:featuredmedia":[{"embeddable":true,"href":"https:\/\/sistemafaetsenar.org.br\/faet\/wp-json\/wp\/v2\/media\/3405"}],"wp:attachment":[{"href":"https:\/\/sistemafaetsenar.org.br\/faet\/wp-json\/wp\/v2\/media?parent=3402"}],"wp:term":[{"taxonomy":"category","embeddable":true,"href":"https:\/\/sistemafaetsenar.org.br\/faet\/wp-json\/wp\/v2\/categories?post=3402"},{"taxonomy":"post_tag","embeddable":true,"href":"https:\/\/sistemafaetsenar.org.br\/faet\/wp-json\/wp\/v2\/tags?post=3402"}],"curies":[{"name":"wp","href":"https:\/\/api.w.org\/{rel}","templated":true}]}}