{"id":3392,"date":"2025-07-07T15:54:44","date_gmt":"2025-07-07T18:54:44","guid":{"rendered":"https:\/\/sistemafaetsenar.org.br\/faet\/?p=3392"},"modified":"2025-07-07T15:54:44","modified_gmt":"2025-07-07T18:54:44","slug":"21a-feira-agropecuaria-de-araguacu-movimenta-negocios-e-fortalece-o-setor-produtivo-no-sul-do-estado","status":"publish","type":"post","link":"https:\/\/sistemafaetsenar.org.br\/faet\/21a-feira-agropecuaria-de-araguacu-movimenta-negocios-e-fortalece-o-setor-produtivo-no-sul-do-estado\/","title":{"rendered":"21\u00aa Feira Agropecu\u00e1ria de Aragua\u00e7u movimenta neg\u00f3cios e fortalece o setor produtivo no Sul do Estado"},"content":{"rendered":"<p>&nbsp;<\/p>\n<p><span style=\"font-size: 21px;\"><strong>Expectativa de R$ 8 milh\u00f5es em receita com leil\u00e3o de gado<\/strong><\/span><\/p>\n<p data-start=\"410\" data-end=\"737\">A 21\u00aa edi\u00e7\u00e3o da Feira Agropecu\u00e1ria de Aragua\u00e7u reafirmou sua import\u00e2ncia como uma das maiores do Sul do Tocantins. Com uma programa\u00e7\u00e3o diversificada, o evento reuniu produtores rurais, expositores, representantes de institui\u00e7\u00f5es do agro, presidentes de Sindicatos Rurais e autoridades pol\u00edticas de diferentes regi\u00f5es do Estado.<\/p>\n<p data-start=\"410\" data-end=\"737\">\n<p data-start=\"410\" data-end=\"737\">\n<p data-start=\"410\" data-end=\"737\">\n<p data-start=\"739\" data-end=\"1060\">Ao todo, 19 estandes foram montados, com exposi\u00e7\u00e3o de maquin\u00e1rios, ve\u00edculos, implementos agr\u00edcolas e produtos de pequenos comerciantes locais. O leil\u00e3o realizado reuniu\u00a0 cerca de 3.500 cabe\u00e7as de gado, o que gerou grande movimenta\u00e7\u00e3o e expectativa de alcan\u00e7ar uma receita bruta de aproximadamente R$ 8 milh\u00f5es em neg\u00f3cios.<\/p>\n<p data-start=\"739\" data-end=\"1060\">\n<p data-start=\"739\" data-end=\"1060\">\n<p data-start=\"739\" data-end=\"1060\">\n<p data-start=\"739\" data-end=\"1060\"><img fetchpriority=\"high\" decoding=\"async\" class=\"alignnone  wp-image-3394\" src=\"https:\/\/sistemafaetsenar.org.br\/faet\/wp-content\/uploads\/2025\/07\/ADXM2513-300x225.jpg\" alt=\"\" width=\"800\" height=\"600\" srcset=\"https:\/\/sistemafaetsenar.org.br\/faet\/wp-content\/uploads\/2025\/07\/ADXM2513-300x225.jpg 300w, https:\/\/sistemafaetsenar.org.br\/faet\/wp-content\/uploads\/2025\/07\/ADXM2513-1024x768.jpg 1024w\" sizes=\"(max-width: 800px) 100vw, 800px\" \/><\/p>\n<p data-start=\"739\" data-end=\"1060\">\n<p data-start=\"739\" data-end=\"1060\">\n<h2 data-start=\"1062\" data-end=\"1111\">Sistema FAET\/Senar leva servi\u00e7os e capacita\u00e7\u00e3o<\/h2>\n<p>&nbsp;<\/p>\n<p data-start=\"1113\" data-end=\"1482\">O estande do Sistema FAET\/Senar se destacou ao oferecer diversos servi\u00e7os ao p\u00fablico, como o atendimento do programa RetifiCAR, voltado \u00e0 regulariza\u00e7\u00e3o ambiental das propriedades rurais. Al\u00e9m disso, foram realizadas palestras t\u00e9cnicas voltadas \u00e0 pecu\u00e1ria de corte, contribuindo com a capacita\u00e7\u00e3o dos produtores e trabalhadores rurais da regi\u00e3o.<\/p>\n<p data-start=\"1113\" data-end=\"1482\">\n<p data-start=\"1113\" data-end=\"1482\">\n<p data-start=\"1484\" data-end=\"1632\">Para o presidente do Sistema FAET\/Senar, Paulo Carneiro, a presen\u00e7a da institui\u00e7\u00e3o refor\u00e7a o compromisso com o desenvolvimento do setor rural:<\/p>\n<blockquote data-start=\"1633\" data-end=\"1945\">\n<p data-start=\"1635\" data-end=\"1945\"><em>\u201cA gente vem aqui pra trazer conhecimento e o que h\u00e1 de melhor para o produtor rural. O Sistema FAET\/Senar trouxe o programa RetifiCAR para regulariza\u00e7\u00e3o do CAR dos produtores da regi\u00e3o, viabilizando o acesso ao cr\u00e9dito rural, ao financiamento, e dando condi\u00e7\u00f5es melhores para produzir com mais tranquilidade.\u201d<\/em><\/p>\n<p data-start=\"1635\" data-end=\"1945\">\n<\/blockquote>\n<p data-start=\"1635\" data-end=\"1945\">\n<p data-start=\"1635\" data-end=\"1945\">\n<p data-start=\"739\" data-end=\"1060\"><img decoding=\"async\" class=\"alignnone  wp-image-3395\" src=\"https:\/\/sistemafaetsenar.org.br\/faet\/wp-content\/uploads\/2025\/07\/IMG_6807-300x169.jpg\" alt=\"\" width=\"818\" height=\"461\" srcset=\"https:\/\/sistemafaetsenar.org.br\/faet\/wp-content\/uploads\/2025\/07\/IMG_6807-300x169.jpg 300w, https:\/\/sistemafaetsenar.org.br\/faet\/wp-content\/uploads\/2025\/07\/IMG_6807-1024x576.jpg 1024w, https:\/\/sistemafaetsenar.org.br\/faet\/wp-content\/uploads\/2025\/07\/IMG_6807.jpg 1920w\" sizes=\"(max-width: 818px) 100vw, 818px\" \/><\/p>\n<p data-start=\"739\" data-end=\"1060\">\n<p data-start=\"739\" data-end=\"1060\">\n<h2 data-start=\"1947\" data-end=\"1993\">Reconhecimento e participa\u00e7\u00e3o de lideran\u00e7as<\/h2>\n<p>&nbsp;<\/p>\n<p data-start=\"1995\" data-end=\"2178\">O evento reuniu presidentes de Sindicatos Rurais de v\u00e1rios lugares do Estado, deputados e representantes do setor. O superintendente da FAET, Frederico Sodr\u00e9, destacou a for\u00e7a e a estrutura da feira:<\/p>\n<blockquote data-start=\"2179\" data-end=\"2288\">\n<p data-start=\"2181\" data-end=\"2288\"><em>\u201cUma feira bel\u00edssima, com muitos expositores e muitos neg\u00f3cios. \u00c9 uma das maiores feiras do Sul do Estado.\u201d<\/em><\/p>\n<p data-start=\"2181\" data-end=\"2288\">\n<p data-start=\"2181\" data-end=\"2288\">\n<\/blockquote>\n<p data-start=\"2290\" data-end=\"2350\">Para o presidente do Sindicato Rural de Aragua\u00e7u o evento foi um marco:<\/p>\n<p data-start=\"2290\" data-end=\"2350\">\n<blockquote data-start=\"2351\" data-end=\"2578\">\n<p data-start=\"2353\" data-end=\"2578\"><em>\u201cA feira de Aragua\u00e7u esse ano esteve muito bem representada, com fechamento de neg\u00f3cios e expositores de tratores e implementos agr\u00edcolas. Estou muito satisfeito com a presen\u00e7a do presidente Paulo Carneiro, muito emocionado.\u201d<\/em><\/p>\n<\/blockquote>\n<p data-start=\"2353\" data-end=\"2578\">\n<p data-start=\"2353\" data-end=\"2578\">A 21\u00b0 Exposi\u00e7\u00e3o Agropecu\u00e1ria de Aragua\u00e7u \u00e9 fruto da parceria entre o Sindicato Rural de Aragua\u00e7u e o Sistema FAET\/Senar\/Sindicatos, com apoio da Secretaria Estadual da Ind\u00fastria, Com\u00e9rcio e Servi\u00e7os, Secretaria Estadual do Turismo, Conselho de Desenvolvimento Econ\u00f4mico (CDE), Programa de Impulsionamento da Ind\u00fastria, Com\u00e9rcio e Servi\u00e7os (PICS) e do Governo do Tocantins.<\/p>\n<p data-start=\"2353\" data-end=\"2578\">\n<p data-start=\"2353\" data-end=\"2578\">\n<p data-start=\"2353\" data-end=\"2578\">\n<p data-start=\"2353\" data-end=\"2578\"><img decoding=\"async\" class=\"alignnone  wp-image-3396\" src=\"https:\/\/sistemafaetsenar.org.br\/faet\/wp-content\/uploads\/2025\/07\/IMG_6826-300x169.jpg\" alt=\"\" width=\"833\" height=\"469\" srcset=\"https:\/\/sistemafaetsenar.org.br\/faet\/wp-content\/uploads\/2025\/07\/IMG_6826-300x169.jpg 300w, https:\/\/sistemafaetsenar.org.br\/faet\/wp-content\/uploads\/2025\/07\/IMG_6826-1024x576.jpg 1024w, https:\/\/sistemafaetsenar.org.br\/faet\/wp-content\/uploads\/2025\/07\/IMG_6826.jpg 1920w\" sizes=\"(max-width: 833px) 100vw, 833px\" \/><\/p>\n<p data-start=\"739\" data-end=\"1060\">\n","protected":false},"excerpt":{"rendered":"<p>&nbsp; Expectativa de R$ 8 milh\u00f5es em receita com leil\u00e3o de gado A 21\u00aa edi\u00e7\u00e3o da Feira Agropecu\u00e1ria de Aragua\u00e7u reafirmou sua import\u00e2ncia como uma das maiores do Sul do Tocantins. Com uma programa\u00e7\u00e3o diversificada, o evento reuniu produtores rurais, expositores, representantes de institui\u00e7\u00f5es do agro, presidentes de Sindicatos Rurais e autoridades pol\u00edticas de diferentes [&hellip;]<\/p>\n","protected":false},"author":7,"featured_media":3393,"comment_status":"open","ping_status":"open","sticky":false,"template":"","format":"standard","meta":{"kia_subtitle":"","footnotes":""},"categories":[1],"tags":[],"class_list":["post-3392","post","type-post","status-publish","format-standard","has-post-thumbnail","hentry","category-blog"],"_links":{"self":[{"href":"https:\/\/sistemafaetsenar.org.br\/faet\/wp-json\/wp\/v2\/posts\/3392"}],"collection":[{"href":"https:\/\/sistemafaetsenar.org.br\/faet\/wp-json\/wp\/v2\/posts"}],"about":[{"href":"https:\/\/sistemafaetsenar.org.br\/faet\/wp-json\/wp\/v2\/types\/post"}],"author":[{"embeddable":true,"href":"https:\/\/sistemafaetsenar.org.br\/faet\/wp-json\/wp\/v2\/users\/7"}],"replies":[{"embeddable":true,"href":"https:\/\/sistemafaetsenar.org.br\/faet\/wp-json\/wp\/v2\/comments?post=3392"}],"version-history":[{"count":0,"href":"https:\/\/sistemafaetsenar.org.br\/faet\/wp-json\/wp\/v2\/posts\/3392\/revisions"}],"wp:featuredmedia":[{"embeddable":true,"href":"https:\/\/sistemafaetsenar.org.br\/faet\/wp-json\/wp\/v2\/media\/3393"}],"wp:attachment":[{"href":"https:\/\/sistemafaetsenar.org.br\/faet\/wp-json\/wp\/v2\/media?parent=3392"}],"wp:term":[{"taxonomy":"category","embeddable":true,"href":"https:\/\/sistemafaetsenar.org.br\/faet\/wp-json\/wp\/v2\/categories?post=3392"},{"taxonomy":"post_tag","embeddable":true,"href":"https:\/\/sistemafaetsenar.org.br\/faet\/wp-json\/wp\/v2\/tags?post=3392"}],"curies":[{"name":"wp","href":"https:\/\/api.w.org\/{rel}","templated":true}]}}