{"id":3387,"date":"2025-07-03T11:28:30","date_gmt":"2025-07-03T14:28:30","guid":{"rendered":"https:\/\/sistemafaetsenar.org.br\/faet\/?p=3387"},"modified":"2025-07-03T11:28:30","modified_gmt":"2025-07-03T14:28:30","slug":"faet-participa-de-reuniao-estrategica-para-manutencao-do-status-livre-de-febre-aftosa-sem-vacinacao-no-tocantins","status":"publish","type":"post","link":"https:\/\/sistemafaetsenar.org.br\/faet\/faet-participa-de-reuniao-estrategica-para-manutencao-do-status-livre-de-febre-aftosa-sem-vacinacao-no-tocantins\/","title":{"rendered":"FAET participa de reuni\u00e3o estrat\u00e9gica para manuten\u00e7\u00e3o do status livre de febre aftosa sem vacina\u00e7\u00e3o no Tocantins"},"content":{"rendered":"<p>Na \u00faltima segunda-feira, 1\u00ba de julho, a Federa\u00e7\u00e3o da Agricultura e Pecu\u00e1ria do Estado do Tocantins (FAET) participou de uma importante reuni\u00e3o com a Equipe Gestora Estadual para Febre Aftosa, que contou com a presen\u00e7a de representantes da SEAGRO, MAPA, Ruraltins, Sindicarnes, CRMV-TO e Fundeagro. A reuni\u00e3o foi liderada pela Adapec.<\/p>\n<p>&nbsp;<\/p>\n<p>O Brasil recebeu o reconhecimento internacional de pa\u00eds livre de febre aftosa sem vacina\u00e7\u00e3o no dia 6 de junho de 2025. Diante desse novo cen\u00e1rio, a Adapec solicitou o engajamento das entidades parceiras para ampliar a vigil\u00e2ncia, elaborar propostas e estrat\u00e9gias, com a finalidade de refor\u00e7ar a import\u00e2ncia da notifica\u00e7\u00e3o imediata de qualquer caso suspeito da doen\u00e7a.<\/p>\n<p>&nbsp;<\/p>\n<p>A FAET foi representada pelo assessor de rela\u00e7\u00f5es institucionais, Luiz Cl\u00e1udio Faria, e pela analista t\u00e9cnica da FAET, a m\u00e9dica veterin\u00e1ria La\u00eds Giuliani Felipetto, refor\u00e7ando o compromisso da institui\u00e7\u00e3o com a sanidade animal e o fortalecimento da pecu\u00e1ria no estado. Durante a reuni\u00e3o, os representantes da FAET contribu\u00edram com sugest\u00f5es para estrat\u00e9gias de vigil\u00e2ncia e educa\u00e7\u00e3o sanit\u00e1ria.<\/p>\n<p>&nbsp;<\/p>\n<p>De acordo Luiz Claudio, o sistema Faet\/Senar vai direcionar esfor\u00e7os conjuntos com a Adapec para colaborar com o monitoramento da febre aftosa no estado. &#8220;Vamos realizar uma primeira a\u00e7\u00e3o para a capacita\u00e7\u00e3o de t\u00e9cnicos de campo de bovinos, mobilizadores, instrutores e profissionais da sa\u00fade que est\u00e3o vinculados ao SENAR, contribuindo com as poss\u00edveis notifica\u00e7\u00f5es da doen\u00e7a&#8221;, afirmou. J\u00e1 para La\u00eds, &#8220;\u00e9 importante que o Brasil e Tocantins cumpram os crit\u00e9rios avaliativos para manuten\u00e7\u00e3o do status de pa\u00eds livre de aftosa, j\u00e1 que isso credibiliza a sanidade animal brasileira&#8221;.<\/p>\n<p>&nbsp;<\/p>\n<p>Durante o encontro, tamb\u00e9m foram discutidos outros poss\u00edveis treinamentos, iniciativas de educa\u00e7\u00e3o sanit\u00e1ria e publicidade do tema. Outro ponto de destaque foi a necessidade de divulga\u00e7\u00e3o do Fundeagro, que oferece prote\u00e7\u00e3o financeira aos produtores em casos de emerg\u00eancia sanit\u00e1ria, como surtos de doen\u00e7as, incluindo a febre aftosa.<\/p>\n","protected":false},"excerpt":{"rendered":"<p>Na \u00faltima segunda-feira, 1\u00ba de julho, a Federa\u00e7\u00e3o da Agricultura e Pecu\u00e1ria do Estado do Tocantins (FAET) participou de uma importante reuni\u00e3o com a Equipe Gestora Estadual para Febre Aftosa, que contou com a presen\u00e7a de representantes da SEAGRO, MAPA, Ruraltins, Sindicarnes, CRMV-TO e Fundeagro. A reuni\u00e3o foi liderada pela Adapec. &nbsp; O Brasil recebeu [&hellip;]<\/p>\n","protected":false},"author":3,"featured_media":3388,"comment_status":"open","ping_status":"open","sticky":false,"template":"","format":"standard","meta":{"kia_subtitle":"","footnotes":""},"categories":[26],"tags":[],"class_list":["post-3387","post","type-post","status-publish","format-standard","has-post-thumbnail","hentry","category-noticia-principal"],"_links":{"self":[{"href":"https:\/\/sistemafaetsenar.org.br\/faet\/wp-json\/wp\/v2\/posts\/3387"}],"collection":[{"href":"https:\/\/sistemafaetsenar.org.br\/faet\/wp-json\/wp\/v2\/posts"}],"about":[{"href":"https:\/\/sistemafaetsenar.org.br\/faet\/wp-json\/wp\/v2\/types\/post"}],"author":[{"embeddable":true,"href":"https:\/\/sistemafaetsenar.org.br\/faet\/wp-json\/wp\/v2\/users\/3"}],"replies":[{"embeddable":true,"href":"https:\/\/sistemafaetsenar.org.br\/faet\/wp-json\/wp\/v2\/comments?post=3387"}],"version-history":[{"count":0,"href":"https:\/\/sistemafaetsenar.org.br\/faet\/wp-json\/wp\/v2\/posts\/3387\/revisions"}],"wp:featuredmedia":[{"embeddable":true,"href":"https:\/\/sistemafaetsenar.org.br\/faet\/wp-json\/wp\/v2\/media\/3388"}],"wp:attachment":[{"href":"https:\/\/sistemafaetsenar.org.br\/faet\/wp-json\/wp\/v2\/media?parent=3387"}],"wp:term":[{"taxonomy":"category","embeddable":true,"href":"https:\/\/sistemafaetsenar.org.br\/faet\/wp-json\/wp\/v2\/categories?post=3387"},{"taxonomy":"post_tag","embeddable":true,"href":"https:\/\/sistemafaetsenar.org.br\/faet\/wp-json\/wp\/v2\/tags?post=3387"}],"curies":[{"name":"wp","href":"https:\/\/api.w.org\/{rel}","templated":true}]}}