{"id":3383,"date":"2025-07-02T17:59:34","date_gmt":"2025-07-02T20:59:34","guid":{"rendered":"https:\/\/sistemafaetsenar.org.br\/faet\/?p=3383"},"modified":"2025-07-02T18:03:23","modified_gmt":"2025-07-02T21:03:23","slug":"nota-faet-vazio-sanitario","status":"publish","type":"post","link":"https:\/\/sistemafaetsenar.org.br\/faet\/nota-faet-vazio-sanitario\/","title":{"rendered":"NOTA FAET &#8211; VAZIO SANIT\u00c1RIO"},"content":{"rendered":"<p><span style=\"font-weight: 400;\">A Federa\u00e7\u00e3o da Agricultura e Pecu\u00e1ria do Estado do Tocantins (FAET), por meio do seu Departamento T\u00e9cnico, informa que o vazio sanit\u00e1rio da soja no Tocantins teve in\u00edcio neste dia 1\u00ba de julho de 2025, com t\u00e9rmino previsto para o dia 30 de setembro de 2025, totalizando 90 dias. A medida \u00e9 regulamentada pela Ag\u00eancia de Defesa Agropecu\u00e1ria do Estado do Tocantins (Adapec) e segue o calend\u00e1rio nacional de controle da ferrugem asi\u00e1tica da soja (<\/span><i><span style=\"font-weight: 400;\">Phakopsora pachyrhizi<\/span><\/i><span style=\"font-weight: 400;\">), definido em conson\u00e2ncia com o Minist\u00e9rio da Agricultura e Pecu\u00e1ria (MAPA).<\/span><\/p>\n<p>&nbsp;<\/p>\n<p><span style=\"font-weight: 400;\">Considerada a principal amea\u00e7a \u00e0 cultura da soja no Brasil, a ferrugem asi\u00e1tica pode causar perdas de 10% at\u00e9 90% da produ\u00e7\u00e3o se n\u00e3o for controlada adequadamente, sendo necess\u00e1rio o uso cont\u00ednuo de fungicidas para sua conten\u00e7\u00e3o. A ado\u00e7\u00e3o do vazio sanit\u00e1rio \u00e9, portanto, uma estrat\u00e9gia de manejo que visa proteger a sustentabilidade da produ\u00e7\u00e3o, reduzir custos com defensivos agr\u00edcolas e preservar a competitividade do agroneg\u00f3cio tocantinense.<\/span><\/p>\n<p>&nbsp;<\/p>\n<p><span style=\"font-weight: 400;\">Durante o per\u00edodo do vazio sanit\u00e1rio, fica proibida a presen\u00e7a de plantas vivas de soja em qualquer est\u00e1gio de desenvolvimento, incluindo cultivos involunt\u00e1rios (soja tiguera), que possam servir de hospedeiros ao fungo causador da doen\u00e7a. Essa a\u00e7\u00e3o \u00e9 fundamental para interromper o ciclo do pat\u00f3geno, reduzindo a press\u00e3o de in\u00f3culo na pr\u00f3xima safra e contribuindo para o controle eficaz da ferrugem asi\u00e1tica.<\/span><\/p>\n<p>&nbsp;<\/p>\n<p><span style=\"font-weight: 400;\">A FAET refor\u00e7a que o sucesso dessa medida depende do comprometimento dos produtores rurais, t\u00e9cnicos e entidades do setor agropecu\u00e1rio. \u00c9 essencial a colabora\u00e7\u00e3o de todos para garantir a sanidade das lavouras e a seguran\u00e7a alimentar da popula\u00e7\u00e3o, evitando impactos econ\u00f4micos no setor produtivo.<\/span><\/p>\n<p>&nbsp;<\/p>\n<p><span style=\"font-weight: 400;\">O n\u00e3o cumprimento do vazio sanit\u00e1rio est\u00e1 sujeito a penalidades, como autua\u00e7\u00f5es, multas e destrui\u00e7\u00e3o obrigat\u00f3ria das plantas de soja encontradas em desacordo com a norma. Para mais informa\u00e7\u00f5es, os produtores podem procurar os sindicatos rurais ou entrar em contato com o Departamento T\u00e9cnico da FAET.<\/span><\/p>\n","protected":false},"excerpt":{"rendered":"<p>A Federa\u00e7\u00e3o da Agricultura e Pecu\u00e1ria do Estado do Tocantins (FAET), por meio do seu Departamento T\u00e9cnico, informa que o vazio sanit\u00e1rio da soja no Tocantins teve in\u00edcio neste dia 1\u00ba de julho de 2025, com t\u00e9rmino previsto para o dia 30 de setembro de 2025, totalizando 90 dias. A medida \u00e9 regulamentada pela Ag\u00eancia [&hellip;]<\/p>\n","protected":false},"author":3,"featured_media":3386,"comment_status":"open","ping_status":"open","sticky":false,"template":"","format":"standard","meta":{"kia_subtitle":"","footnotes":""},"categories":[26],"tags":[],"class_list":["post-3383","post","type-post","status-publish","format-standard","has-post-thumbnail","hentry","category-noticia-principal"],"_links":{"self":[{"href":"https:\/\/sistemafaetsenar.org.br\/faet\/wp-json\/wp\/v2\/posts\/3383"}],"collection":[{"href":"https:\/\/sistemafaetsenar.org.br\/faet\/wp-json\/wp\/v2\/posts"}],"about":[{"href":"https:\/\/sistemafaetsenar.org.br\/faet\/wp-json\/wp\/v2\/types\/post"}],"author":[{"embeddable":true,"href":"https:\/\/sistemafaetsenar.org.br\/faet\/wp-json\/wp\/v2\/users\/3"}],"replies":[{"embeddable":true,"href":"https:\/\/sistemafaetsenar.org.br\/faet\/wp-json\/wp\/v2\/comments?post=3383"}],"version-history":[{"count":0,"href":"https:\/\/sistemafaetsenar.org.br\/faet\/wp-json\/wp\/v2\/posts\/3383\/revisions"}],"wp:featuredmedia":[{"embeddable":true,"href":"https:\/\/sistemafaetsenar.org.br\/faet\/wp-json\/wp\/v2\/media\/3386"}],"wp:attachment":[{"href":"https:\/\/sistemafaetsenar.org.br\/faet\/wp-json\/wp\/v2\/media?parent=3383"}],"wp:term":[{"taxonomy":"category","embeddable":true,"href":"https:\/\/sistemafaetsenar.org.br\/faet\/wp-json\/wp\/v2\/categories?post=3383"},{"taxonomy":"post_tag","embeddable":true,"href":"https:\/\/sistemafaetsenar.org.br\/faet\/wp-json\/wp\/v2\/tags?post=3383"}],"curies":[{"name":"wp","href":"https:\/\/api.w.org\/{rel}","templated":true}]}}