{"id":3380,"date":"2025-07-02T16:13:29","date_gmt":"2025-07-02T19:13:29","guid":{"rendered":"https:\/\/sistemafaetsenar.org.br\/faet\/?p=3380"},"modified":"2025-07-02T16:20:43","modified_gmt":"2025-07-02T19:20:43","slug":"expoalmas-2025-promete-movimentar-o-sudeste-tocantinense-com-feira-agropecuaria","status":"publish","type":"post","link":"https:\/\/sistemafaetsenar.org.br\/faet\/expoalmas-2025-promete-movimentar-o-sudeste-tocantinense-com-feira-agropecuaria\/","title":{"rendered":"ExpoAlmas 2025 promete movimentar o sudeste tocantinense com feira agropecu\u00e1ria"},"content":{"rendered":"<p>A cidade de Almas j\u00e1 est\u00e1 em contagem regressiva para a edi\u00e7\u00e3o 2025 da ExpoAlmas, um dos eventos mais aguardados do sudeste tocantinense. Com uma programa\u00e7\u00e3o que re\u00fane neg\u00f3cios, entretenimento, conhecimento e valoriza\u00e7\u00e3o da cultura local, a feira acontecer\u00e1 no Parque de Exposi\u00e7\u00f5es da cidade e promete atrair visitantes de toda a regi\u00e3o.<\/p>\n<p>&nbsp;<\/p>\n<p>Para a Presidente do Sindicato Rural de Almas, Sandra Carneiro, &#8220;mais do que uma festa, a ExpoAlmas \u00e9 um espa\u00e7o voltado tamb\u00e9m para o fortalecimento do agroneg\u00f3cio regional&#8221;. Segundo ela, o p\u00fablico vai encontrar uma feira com exposi\u00e7\u00e3o de m\u00e1quinas, implementos agr\u00edcolas, novas tecnologias e um leil\u00e3o especial com mais de 1.500 animais das categorias de cria, recria e engorda, afirmou. \u201c\u00c9 um evento esperado o ano inteiro pelos nossos produtores rurais e pela popula\u00e7\u00e3o&#8221;.<\/p>\n<p>&nbsp;<\/p>\n<p>O evento tamb\u00e9m ser\u00e1 palco do AgroForte, realizado pelo Sistema FAET\/Senar em parceria com o Sindicato Rural e o Minist\u00e9rio da Agricultura e Pecu\u00e1ria (MAPA). A programa\u00e7\u00e3o inclui palestras de nomes de peso como o jornalista e ex-ministro Aldo Rebelo, que falar\u00e1 sobre \u201cO Brasil na Geopol\u00edtica Ambiental\u201d, e Ceci Mota, com conte\u00fado especial voltado para as mulheres do agro.<\/p>\n<p>&nbsp;<\/p>\n<p>Outro ponto alto da feira ser\u00e1 a valoriza\u00e7\u00e3o dos talentos da terra. O projeto &#8220;Canta Rural&#8221; abrir\u00e1 espa\u00e7o para artistas locais com uma premia\u00e7\u00e3o especial. As crian\u00e7as tamb\u00e9m ter\u00e3o espa\u00e7o e lugar com o &#8220;Sementes do Futuro&#8221;, projeto que oferece brincadeiras, pintura facial e atividades recreativas.<\/p>\n<p>&nbsp;<\/p>\n<p>A ExpoAlmas tamb\u00e9m contar\u00e1 com o tradicional rodeio, parque de divers\u00f5es e barracas com comidas t\u00edpicas. Na programa\u00e7\u00e3o de shows, m\u00fasica nacional e regional como Amado Batista, Di Paulo e Paulino, Manim Vaqueiro, Carlos e Jader e Forroz\u00e3o Top 3. A entrada \u00e9 gratuita todos os dias.<\/p>\n<p>&nbsp;<\/p>\n<p>A ExpoAlmas 2025 \u00e9 uma realiza\u00e7\u00e3o do Sindicato Rural de Almas, com apoio do Sistema FAET\/Senar\/Sindicatos, da Secretaria Estadual da Ind\u00fastria, Com\u00e9rcio e Servi\u00e7os, da Secretaria Estadual do Turismo, do Conselho de Desenvolvimento Econ\u00f4mico do Estado (CDE), do Programa de Impulsionamento da Ind\u00fastria, Com\u00e9rcio e Servi\u00e7os (PICS),\u00a0 Minist\u00e9rio da Agricultura e Pecu\u00e1ria (MAPA) e do Governo do Tocantins<\/p>\n","protected":false},"excerpt":{"rendered":"<p>A cidade de Almas j\u00e1 est\u00e1 em contagem regressiva para a edi\u00e7\u00e3o 2025 da ExpoAlmas, um dos eventos mais aguardados do sudeste tocantinense. Com uma programa\u00e7\u00e3o que re\u00fane neg\u00f3cios, entretenimento, conhecimento e valoriza\u00e7\u00e3o da cultura local, a feira acontecer\u00e1 no Parque de Exposi\u00e7\u00f5es da cidade e promete atrair visitantes de toda a regi\u00e3o. &nbsp; Para [&hellip;]<\/p>\n","protected":false},"author":3,"featured_media":3382,"comment_status":"open","ping_status":"open","sticky":false,"template":"","format":"standard","meta":{"kia_subtitle":"\u00a0AgroForte, grandes shows e programa\u00e7\u00e3o para toda a fam\u00edlia","footnotes":""},"categories":[1,26],"tags":[],"class_list":["post-3380","post","type-post","status-publish","format-standard","has-post-thumbnail","hentry","category-blog","category-noticia-principal"],"_links":{"self":[{"href":"https:\/\/sistemafaetsenar.org.br\/faet\/wp-json\/wp\/v2\/posts\/3380"}],"collection":[{"href":"https:\/\/sistemafaetsenar.org.br\/faet\/wp-json\/wp\/v2\/posts"}],"about":[{"href":"https:\/\/sistemafaetsenar.org.br\/faet\/wp-json\/wp\/v2\/types\/post"}],"author":[{"embeddable":true,"href":"https:\/\/sistemafaetsenar.org.br\/faet\/wp-json\/wp\/v2\/users\/3"}],"replies":[{"embeddable":true,"href":"https:\/\/sistemafaetsenar.org.br\/faet\/wp-json\/wp\/v2\/comments?post=3380"}],"version-history":[{"count":0,"href":"https:\/\/sistemafaetsenar.org.br\/faet\/wp-json\/wp\/v2\/posts\/3380\/revisions"}],"wp:featuredmedia":[{"embeddable":true,"href":"https:\/\/sistemafaetsenar.org.br\/faet\/wp-json\/wp\/v2\/media\/3382"}],"wp:attachment":[{"href":"https:\/\/sistemafaetsenar.org.br\/faet\/wp-json\/wp\/v2\/media?parent=3380"}],"wp:term":[{"taxonomy":"category","embeddable":true,"href":"https:\/\/sistemafaetsenar.org.br\/faet\/wp-json\/wp\/v2\/categories?post=3380"},{"taxonomy":"post_tag","embeddable":true,"href":"https:\/\/sistemafaetsenar.org.br\/faet\/wp-json\/wp\/v2\/tags?post=3380"}],"curies":[{"name":"wp","href":"https:\/\/api.w.org\/{rel}","templated":true}]}}