{"id":3377,"date":"2025-07-01T17:12:43","date_gmt":"2025-07-01T20:12:43","guid":{"rendered":"https:\/\/sistemafaetsenar.org.br\/faet\/?p=3377"},"modified":"2025-07-01T17:13:12","modified_gmt":"2025-07-01T20:13:12","slug":"expojau-2025-encerra-com-publico-acima-do-esperado-em-jau-do-tocantins","status":"publish","type":"post","link":"https:\/\/sistemafaetsenar.org.br\/faet\/expojau-2025-encerra-com-publico-acima-do-esperado-em-jau-do-tocantins\/","title":{"rendered":"ExpoJa\u00fa 2025 encerra com p\u00fablico acima do esperado em Ja\u00fa do Tocantins"},"content":{"rendered":"<p><span style=\"font-weight: 400;\">A 10\u00aa edi\u00e7\u00e3o da ExpoJa\u00fa chegou ao fim no \u00faltimo s\u00e1bado, 28 de junho, ap\u00f3s tr\u00eas dias de programa\u00e7\u00e3o que movimentaram Ja\u00fa do Tocantins, no sul do estado. Realizada no Parque Agropecu\u00e1rio do Sindicato Rural, a feira reuniu milhares de pessoas em torno do agroneg\u00f3cio e da cultura sertaneja.<\/span><\/p>\n<p>&nbsp;<\/p>\n<p><span style=\"font-weight: 400;\">A feira atraiu visitantes de cidades vizinhas, produtores rurais, representantes do setor agropecu\u00e1rio, autoridades pol\u00edticas e\u00a0 comunidade local. \u201cAlcan\u00e7amos cerca de 5 mil pessoas e atra\u00edmos comitivas de oito cidades diferentes como Gurupi,Talism\u00e3 e Palmer\u00f3polis, superou nossas expectativas\u201d, conta o presidente do sindicato, Jonescley Matos.<\/span><\/p>\n<p>&nbsp;<\/p>\n<p><span style=\"font-weight: 400;\">A abertura oficial ocorreu na quinta-feira, dia 26, com a primeira rodada de rodeio e show da dupla Rick &amp; Rangel, que animou o p\u00fablico presente. Na sexta-feira, 27, as provas de rodeio e vaquejada continuaram durante todo o dia. \u00c0 noite, o cantor Wglemerson Lima subiu ao palco.<\/span><\/p>\n<p>&nbsp;<\/p>\n<p><span style=\"font-weight: 400;\">O encerramento da ExpoJa\u00fa foi marcado pela final do rodeio e pela apresenta\u00e7\u00e3o de Edy Britto &amp; Samuel. Al\u00e9m dos shows e competi\u00e7\u00f5es, a feira contou com exposi\u00e7\u00e3o de animais, estandes de produtos e servi\u00e7os voltados ao agroneg\u00f3cio, exposi\u00e7\u00e3o de m\u00e1quinas agr\u00edcolas, parque de divers\u00f5es e pra\u00e7a de alimenta\u00e7\u00e3o, movimentando a economia local e regional durante o per\u00edodo.<\/span><\/p>\n<p>&nbsp;<\/p>\n<p><span style=\"font-weight: 400;\">O evento foi realizado pelo Sindicato Rural de Ja\u00fa do Tocantins, com apoio do Sistema FAET\/Senar\/Sindicatos, da Prefeitura Municipal de Ja\u00fa do Tocantins, da Secretaria Estadual da Ind\u00fastria, Com\u00e9rcio e Servi\u00e7os, da Secretaria Estadual do Turismo, do Conselho de Desenvolvimento Econ\u00f4mico do Estado (CDE), do Programa de Impulsionamento da Ind\u00fastria, Com\u00e9rcio e Servi\u00e7os (PICS) e do Governo do Tocantins.<\/span><\/p>\n","protected":false},"excerpt":{"rendered":"<p>A 10\u00aa edi\u00e7\u00e3o da ExpoJa\u00fa chegou ao fim no \u00faltimo s\u00e1bado, 28 de junho, ap\u00f3s tr\u00eas dias de programa\u00e7\u00e3o que movimentaram Ja\u00fa do Tocantins, no sul do estado. Realizada no Parque Agropecu\u00e1rio do Sindicato Rural, a feira reuniu milhares de pessoas em torno do agroneg\u00f3cio e da cultura sertaneja. &nbsp; A feira atraiu visitantes de [&hellip;]<\/p>\n","protected":false},"author":3,"featured_media":3378,"comment_status":"open","ping_status":"open","sticky":false,"template":"","format":"standard","meta":{"kia_subtitle":"","footnotes":""},"categories":[26],"tags":[],"class_list":["post-3377","post","type-post","status-publish","format-standard","has-post-thumbnail","hentry","category-noticia-principal"],"_links":{"self":[{"href":"https:\/\/sistemafaetsenar.org.br\/faet\/wp-json\/wp\/v2\/posts\/3377"}],"collection":[{"href":"https:\/\/sistemafaetsenar.org.br\/faet\/wp-json\/wp\/v2\/posts"}],"about":[{"href":"https:\/\/sistemafaetsenar.org.br\/faet\/wp-json\/wp\/v2\/types\/post"}],"author":[{"embeddable":true,"href":"https:\/\/sistemafaetsenar.org.br\/faet\/wp-json\/wp\/v2\/users\/3"}],"replies":[{"embeddable":true,"href":"https:\/\/sistemafaetsenar.org.br\/faet\/wp-json\/wp\/v2\/comments?post=3377"}],"version-history":[{"count":0,"href":"https:\/\/sistemafaetsenar.org.br\/faet\/wp-json\/wp\/v2\/posts\/3377\/revisions"}],"wp:featuredmedia":[{"embeddable":true,"href":"https:\/\/sistemafaetsenar.org.br\/faet\/wp-json\/wp\/v2\/media\/3378"}],"wp:attachment":[{"href":"https:\/\/sistemafaetsenar.org.br\/faet\/wp-json\/wp\/v2\/media?parent=3377"}],"wp:term":[{"taxonomy":"category","embeddable":true,"href":"https:\/\/sistemafaetsenar.org.br\/faet\/wp-json\/wp\/v2\/categories?post=3377"},{"taxonomy":"post_tag","embeddable":true,"href":"https:\/\/sistemafaetsenar.org.br\/faet\/wp-json\/wp\/v2\/tags?post=3377"}],"curies":[{"name":"wp","href":"https:\/\/api.w.org\/{rel}","templated":true}]}}