{"id":3367,"date":"2025-06-27T11:47:08","date_gmt":"2025-06-27T14:47:08","guid":{"rendered":"https:\/\/sistemafaetsenar.org.br\/faet\/?p=3367"},"modified":"2025-06-27T14:35:35","modified_gmt":"2025-06-27T17:35:35","slug":"expo-araguacu-2025-comeca-neste-sabado-com-cavalgada-e-programacao-voltada-ao-agronegocio","status":"publish","type":"post","link":"https:\/\/sistemafaetsenar.org.br\/faet\/expo-araguacu-2025-comeca-neste-sabado-com-cavalgada-e-programacao-voltada-ao-agronegocio\/","title":{"rendered":"Expo Aragua\u00e7u 2025 come\u00e7a neste s\u00e1bado com cavalgada e programa\u00e7\u00e3o voltada ao agroneg\u00f3cio"},"content":{"rendered":"<p>A cidade de Aragua\u00e7u, no sul do Tocantins, se prepara para receber a 21\u00aa edi\u00e7\u00e3o da Expo Aragua\u00e7u, uma das maiores feiras agropecu\u00e1rias da regi\u00e3o. A programa\u00e7\u00e3o ter\u00e1 in\u00edcio neste s\u00e1bado, 28 de junho, com a tradicional cavalgada de abertura, que contar\u00e1 com a presen\u00e7a da cavalaria da Pol\u00edcia Militar.<\/p>\n<p>&nbsp;<\/p>\n<p>A feira segue at\u00e9 o dia 5 de julho com atra\u00e7\u00f5es voltadas ao agroneg\u00f3cio, rodeios, leil\u00f5es, palestras t\u00e9cnicas e shows musicais. \u201dO evento espera reunir entre 4 mil e 6 mil visitantes por noite\u201d. Segundo o presidente do sindicato rural, Carlos Ribeiro Soares.<\/p>\n<p>&nbsp;<\/p>\n<p>A abertura oficial da feira acontece 3 de julho, mas j\u00e1 na quarta, 2, o p\u00fablico poder\u00e1 acompanhar a primeira noite de rodeio, seguida por um show com o cantor Mattias Rodrigues.<\/p>\n<p>&nbsp;<\/p>\n<p>Quinta-feira, durante o dia, o estande do Sistema FAET\/Senar oferecer\u00e1 servi\u00e7os ao p\u00fablico, incluindo atendimento do programa RetifiCAR, voltado \u00e0 regulariza\u00e7\u00e3o ambiental de propriedades rurais.<\/p>\n<p>\u00c0 noite, a cerim\u00f4nia de abertura \u00e9 seguida pela segunda rodada do rodeio e Jo\u00e3o Neto &amp; Frederico.<\/p>\n<p>&nbsp;<\/p>\n<p>Na sexta, 4, a programa\u00e7\u00e3o t\u00e9cnica ser\u00e1 voltada a pequenos produtores e mulheres empreendedoras do agro, com palestras e oficinas no estande do Sistema FAET\/Senar.<\/p>\n<p>&nbsp;<\/p>\n<p>A terceira noite de rodeio termina com show da cantora Allana Macedo.<\/p>\n<p>&nbsp;<\/p>\n<p><b>Palestras e leil\u00e3o<\/b><\/p>\n<p>&nbsp;<\/p>\n<p>O \u00faltimo dia ser\u00e1 dedicado \u00e0 pecu\u00e1ria de corte. Dia 5, a partir das 9h da manh\u00e3, duas palestras t\u00e9cnicas ser\u00e3o oferecidas no estande, com os especialistas Maur\u00edcio Veloso e Leandro Ortiz, do Grupo Agropecu\u00e1ria Village<\/p>\n<p>&nbsp;<\/p>\n<p>Logo ap\u00f3s, ser\u00e1 servido um almo\u00e7o no Tatersal de Leil\u00f5es, seguido por um leil\u00e3o especial em comemora\u00e7\u00e3o ao primeiro ano da estrutura em Aragua\u00e7u. O encerramento da feira acontece \u00e0 noite com a \u00faltima rodada do rodeio e show de Wglemerson Lima.<\/p>\n<p>&nbsp;<\/p>\n<p><b>Expositores e neg\u00f3cios<\/b><\/p>\n<p>&nbsp;<\/p>\n<p>A Expo Aragua\u00e7u tamb\u00e9m contar\u00e1 com estandes de concession\u00e1rias, tratores e maquin\u00e1rio agr\u00edcola. Haver\u00e1 ainda a exposi\u00e7\u00e3o de animais das ra\u00e7as Nelore e Sindi, al\u00e9m da participa\u00e7\u00e3o de institui\u00e7\u00f5es financeiras como Sicredi e Sicoo.<\/p>\n<p>&nbsp;<\/p>\n<p><a name=\"_GoBack\"><\/a>\u201cA expectativa \u00e9 de movimentar entre R$ 2 milh\u00f5es e R$ 3 milh\u00f5es em neg\u00f3cios durante o evento\u201d, afirma o presidente do sindicato.<\/p>\n<p>&nbsp;<\/p>\n<p>A Expo Aragua\u00e7u 2025 \u00e9 uma realiza\u00e7\u00e3o do Sindicato Rural de Aragua\u00e7u, com apoio do Sistema FAET\/Senar\/Sindicatos, da Secretaria Estadual da Ind\u00fastria, Com\u00e9rcio e Servi\u00e7os, da Secretaria Estadual do Turismo, do Conselho de Desenvolvimento Econ\u00f4mico do Estado (CDE), do Programa de Impulsionamento da Ind\u00fastria, Com\u00e9rcio e Servi\u00e7os (PICS) e do Governo do Tocantins.<\/p>\n","protected":false},"excerpt":{"rendered":"<p>A cidade de Aragua\u00e7u, no sul do Tocantins, se prepara para receber a 21\u00aa edi\u00e7\u00e3o da Expo Aragua\u00e7u, uma das maiores feiras agropecu\u00e1rias da regi\u00e3o. A programa\u00e7\u00e3o ter\u00e1 in\u00edcio neste s\u00e1bado, 28 de junho, com a tradicional cavalgada de abertura, que contar\u00e1 com a presen\u00e7a da cavalaria da Pol\u00edcia Militar. &nbsp; A feira segue at\u00e9 [&hellip;]<\/p>\n","protected":false},"author":3,"featured_media":3368,"comment_status":"open","ping_status":"open","sticky":false,"template":"","format":"standard","meta":{"kia_subtitle":"","footnotes":""},"categories":[16,26],"tags":[],"class_list":["post-3367","post","type-post","status-publish","format-standard","has-post-thumbnail","hentry","category-feiras-e-eventos","category-noticia-principal"],"_links":{"self":[{"href":"https:\/\/sistemafaetsenar.org.br\/faet\/wp-json\/wp\/v2\/posts\/3367"}],"collection":[{"href":"https:\/\/sistemafaetsenar.org.br\/faet\/wp-json\/wp\/v2\/posts"}],"about":[{"href":"https:\/\/sistemafaetsenar.org.br\/faet\/wp-json\/wp\/v2\/types\/post"}],"author":[{"embeddable":true,"href":"https:\/\/sistemafaetsenar.org.br\/faet\/wp-json\/wp\/v2\/users\/3"}],"replies":[{"embeddable":true,"href":"https:\/\/sistemafaetsenar.org.br\/faet\/wp-json\/wp\/v2\/comments?post=3367"}],"version-history":[{"count":0,"href":"https:\/\/sistemafaetsenar.org.br\/faet\/wp-json\/wp\/v2\/posts\/3367\/revisions"}],"wp:featuredmedia":[{"embeddable":true,"href":"https:\/\/sistemafaetsenar.org.br\/faet\/wp-json\/wp\/v2\/media\/3368"}],"wp:attachment":[{"href":"https:\/\/sistemafaetsenar.org.br\/faet\/wp-json\/wp\/v2\/media?parent=3367"}],"wp:term":[{"taxonomy":"category","embeddable":true,"href":"https:\/\/sistemafaetsenar.org.br\/faet\/wp-json\/wp\/v2\/categories?post=3367"},{"taxonomy":"post_tag","embeddable":true,"href":"https:\/\/sistemafaetsenar.org.br\/faet\/wp-json\/wp\/v2\/tags?post=3367"}],"curies":[{"name":"wp","href":"https:\/\/api.w.org\/{rel}","templated":true}]}}