{"id":3363,"date":"2025-06-24T11:51:24","date_gmt":"2025-06-24T14:51:24","guid":{"rendered":"https:\/\/sistemafaetsenar.org.br\/faet\/?p=3363"},"modified":"2025-06-24T11:53:32","modified_gmt":"2025-06-24T14:53:32","slug":"sindicato-rural-realiza-37a-edicao-da-expoarapoema","status":"publish","type":"post","link":"https:\/\/sistemafaetsenar.org.br\/faet\/sindicato-rural-realiza-37a-edicao-da-expoarapoema\/","title":{"rendered":"Sindicato Rural realiza 37\u00aa edi\u00e7\u00e3o da Expoarapoema"},"content":{"rendered":"<p>A cidade de Arapoema, no norte do Tocantins, est\u00e1 em festa com a realiza\u00e7\u00e3o da 37\u00aa edi\u00e7\u00e3o da Expoarapoema. O evento, que come\u00e7ou no s\u00e1bado, 21 de junho, segue at\u00e9 o pr\u00f3ximo domingo, 29, no Parque de Exposi\u00e7\u00f5es local. A tradicional feira agropecu\u00e1ria re\u00fane atra\u00e7\u00f5es musicais, desfiles, rodeios e competi\u00e7\u00f5es t\u00edpicas como a Mesa da Amargura e o Pega do Garrote.<\/p>\n<p>&nbsp;<\/p>\n<p>Entre os dias 26 e 28 de junho, o destaque \u00e9 o rodeio profissional, uma das atra\u00e7\u00f5es mais aguardadas pelo p\u00fablico. Nessas mesmas datas, tamb\u00e9m acontecem o Pega do Garrote \u2014 competi\u00e7\u00e3o em que duplas de pe\u00f5es disputam quem consegue derrubar o boi em menos tempo \u2014 e a tradicional Mesa da Amargura, onde 12 candidatos, divididos em tr\u00eas jogos de mesa, enfrentam de dois a tr\u00eas bois soltos na arena.<\/p>\n<p>&nbsp;<\/p>\n<p>Segundo o presidente do Sindicato Rural de Arapoema, Eufl\u00e1sio Rosa, o p\u00fablico do primeiro dia superou as expectativas. \u201cPara os pr\u00f3ximos dias, esperamos receber cerca de 15 mil pessoas\u201d, comemora.<\/p>\n<p>&nbsp;<\/p>\n<p>O encerramento da Expoarapoema est\u00e1 programado para o domingo, 29 de junho, com a tradicional cavalgada. A concentra\u00e7\u00e3o come\u00e7a \u00e0s 8h da manh\u00e3, em frente ao Parque de Exposi\u00e7\u00f5es, reunindo cavaleiros de toda a regi\u00e3o. Durante o dia, o p\u00fablico poder\u00e1 curtir o show de Paula Diaz e, a partir das 15 horas, a festa continua com as apresenta\u00e7\u00f5es de Ney Sanches e Am\u00e9rico Show, garantindo m\u00fasica at\u00e9 o fim da programa\u00e7\u00e3o.<\/p>\n<p>&nbsp;<\/p>\n<p>A Expoarapoema \u00e9 uma realiza\u00e7\u00e3o do Sindicato Rural de Arapoema, com apoio do Sistema FAET\/Senar\/Sindicatos, Prefeitura de Arapoema, com apoio do Secretaria Estadual da Ind\u00fastria, Com\u00e9rcio e Servi\u00e7os, da Secretaria Estadual do Turismo, do Conselho de Desenvolvimento Econ\u00f4mico do Estado (CDE), do Programa de Impulsionamento da Ind\u00fastria, Com\u00e9rcio e Servi\u00e7os (PICS) e do Governo do Tocantins.<\/p>\n","protected":false},"excerpt":{"rendered":"<p>A cidade de Arapoema, no norte do Tocantins, est\u00e1 em festa com a realiza\u00e7\u00e3o da 37\u00aa edi\u00e7\u00e3o da Expoarapoema. O evento, que come\u00e7ou no s\u00e1bado, 21 de junho, segue at\u00e9 o pr\u00f3ximo domingo, 29, no Parque de Exposi\u00e7\u00f5es local. A tradicional feira agropecu\u00e1ria re\u00fane atra\u00e7\u00f5es musicais, desfiles, rodeios e competi\u00e7\u00f5es t\u00edpicas como a Mesa da [&hellip;]<\/p>\n","protected":false},"author":3,"featured_media":3364,"comment_status":"open","ping_status":"open","sticky":false,"template":"","format":"standard","meta":{"kia_subtitle":"","footnotes":""},"categories":[26],"tags":[],"class_list":["post-3363","post","type-post","status-publish","format-standard","has-post-thumbnail","hentry","category-noticia-principal"],"_links":{"self":[{"href":"https:\/\/sistemafaetsenar.org.br\/faet\/wp-json\/wp\/v2\/posts\/3363"}],"collection":[{"href":"https:\/\/sistemafaetsenar.org.br\/faet\/wp-json\/wp\/v2\/posts"}],"about":[{"href":"https:\/\/sistemafaetsenar.org.br\/faet\/wp-json\/wp\/v2\/types\/post"}],"author":[{"embeddable":true,"href":"https:\/\/sistemafaetsenar.org.br\/faet\/wp-json\/wp\/v2\/users\/3"}],"replies":[{"embeddable":true,"href":"https:\/\/sistemafaetsenar.org.br\/faet\/wp-json\/wp\/v2\/comments?post=3363"}],"version-history":[{"count":0,"href":"https:\/\/sistemafaetsenar.org.br\/faet\/wp-json\/wp\/v2\/posts\/3363\/revisions"}],"wp:featuredmedia":[{"embeddable":true,"href":"https:\/\/sistemafaetsenar.org.br\/faet\/wp-json\/wp\/v2\/media\/3364"}],"wp:attachment":[{"href":"https:\/\/sistemafaetsenar.org.br\/faet\/wp-json\/wp\/v2\/media?parent=3363"}],"wp:term":[{"taxonomy":"category","embeddable":true,"href":"https:\/\/sistemafaetsenar.org.br\/faet\/wp-json\/wp\/v2\/categories?post=3363"},{"taxonomy":"post_tag","embeddable":true,"href":"https:\/\/sistemafaetsenar.org.br\/faet\/wp-json\/wp\/v2\/tags?post=3363"}],"curies":[{"name":"wp","href":"https:\/\/api.w.org\/{rel}","templated":true}]}}