{"id":3357,"date":"2025-06-18T11:19:13","date_gmt":"2025-06-18T14:19:13","guid":{"rendered":"https:\/\/sistemafaetsenar.org.br\/faet\/?p=3357"},"modified":"2025-06-18T11:20:11","modified_gmt":"2025-06-18T14:20:11","slug":"faet-promove-reuniao-com-entidades-do-agro-e-seplan-sobre-proposta-do-zee-to","status":"publish","type":"post","link":"https:\/\/sistemafaetsenar.org.br\/faet\/faet-promove-reuniao-com-entidades-do-agro-e-seplan-sobre-proposta-do-zee-to\/","title":{"rendered":"FAET promove reuni\u00e3o com entidades do agro e Seplan sobre proposta do ZEE-TO"},"content":{"rendered":"<p>A Federa\u00e7\u00e3o da Agricultura e Pecu\u00e1ria do Estado do Tocantins (FAET) promoveu uma reuni\u00e3o com a Secretaria de Planejamento e Or\u00e7amento (Seplan\/TO) e representantes do setor produtivo para discutir a proposta do Zoneamento Econ\u00f4mico-Ecol\u00f3gico do Tocantins (ZEE-TO).<\/p>\n<p><img fetchpriority=\"high\" decoding=\"async\" class=\"alignnone wp-image-3358 size-large\" src=\"https:\/\/sistemafaetsenar.org.br\/faet\/wp-content\/uploads\/2025\/06\/WhatsApp-Image-2025-06-18-at-10.17.46-1024x576.jpeg\" alt=\"\" width=\"780\" height=\"439\" srcset=\"https:\/\/sistemafaetsenar.org.br\/faet\/wp-content\/uploads\/2025\/06\/WhatsApp-Image-2025-06-18-at-10.17.46-1024x576.jpeg 1024w, https:\/\/sistemafaetsenar.org.br\/faet\/wp-content\/uploads\/2025\/06\/WhatsApp-Image-2025-06-18-at-10.17.46-300x169.jpeg 300w\" sizes=\"(max-width: 780px) 100vw, 780px\" \/><\/p>\n<p>O encontro teve como objetivo esclarecer d\u00favidas sobre o processo de elabora\u00e7\u00e3o e os crit\u00e9rios definidos na proposta que deve nortear o uso e ocupa\u00e7\u00e3o do territ\u00f3rio estadual. O projeto do ZEE-TO j\u00e1 est\u00e1 em tramita\u00e7\u00e3o na Assembleia Legislativa.<\/p>\n<p>&nbsp;<\/p>\n<p>Durante a reuni\u00e3o, o diretor de Gest\u00e3o de Informa\u00e7\u00f5es Territoriais e Socioecon\u00f4micas da Seplan\/TO, Rodrigo Sabino, apresentou detalhes do processo de constru\u00e7\u00e3o da proposta e explicou como os interessados podem acessar as informa\u00e7\u00f5es para an\u00e1lise das diretrizes sugeridas.<\/p>\n<p>&nbsp;<\/p>\n<p><img decoding=\"async\" class=\"alignnone wp-image-3359 size-large\" src=\"https:\/\/sistemafaetsenar.org.br\/faet\/wp-content\/uploads\/2025\/06\/WhatsApp-Image-2025-06-18-at-10.17.47-1024x576.jpeg\" alt=\"\" width=\"780\" height=\"439\" srcset=\"https:\/\/sistemafaetsenar.org.br\/faet\/wp-content\/uploads\/2025\/06\/WhatsApp-Image-2025-06-18-at-10.17.47-1024x576.jpeg 1024w, https:\/\/sistemafaetsenar.org.br\/faet\/wp-content\/uploads\/2025\/06\/WhatsApp-Image-2025-06-18-at-10.17.47-300x169.jpeg 300w\" sizes=\"(max-width: 780px) 100vw, 780px\" \/><\/p>\n<p>&nbsp;<\/p>\n<p>A Seplan destacou ainda o Plano da Paisagem do Zoneamento, um dos instrumentos que balizam a defini\u00e7\u00e3o das \u00e1reas de produ\u00e7\u00e3o, preserva\u00e7\u00e3o e desenvolvimento sustent\u00e1vel.<\/p>\n<p>&nbsp;<\/p>\n<p>A preocupa\u00e7\u00e3o da FAET ao promover o encontro foi garantir que as entidades representativas do agroneg\u00f3cio estejam plenamente informadas sobre os pontos da proposta, possibilitando uma atua\u00e7\u00e3o conjunta junto ao parlamento.<\/p>\n<p><img decoding=\"async\" class=\"alignnone wp-image-3360 size-large\" src=\"https:\/\/sistemafaetsenar.org.br\/faet\/wp-content\/uploads\/2025\/06\/WhatsApp-Image-2025-06-18-at-10.17.46-1-1024x576.jpeg\" alt=\"\" width=\"780\" height=\"439\" srcset=\"https:\/\/sistemafaetsenar.org.br\/faet\/wp-content\/uploads\/2025\/06\/WhatsApp-Image-2025-06-18-at-10.17.46-1-1024x576.jpeg 1024w, https:\/\/sistemafaetsenar.org.br\/faet\/wp-content\/uploads\/2025\/06\/WhatsApp-Image-2025-06-18-at-10.17.46-1-300x169.jpeg 300w\" sizes=\"(max-width: 780px) 100vw, 780px\" \/><\/p>\n<p>\u201cComo o projeto j\u00e1 est\u00e1 no parlamento, temos que nos organizar pra verificar o que precisa ser alterado nessa propositura e levar nossas demandas aos nossos deputados, como forma de preservar o avan\u00e7o da atividade agropecu\u00e1ria no estado\u201d, destacou Paulo Carneiro, presidente da FAET.<\/p>\n<p>&nbsp;<\/p>\n<p>O setor produtivo expressou a import\u00e2ncia de participar ativamente do debate, uma vez que as defini\u00e7\u00f5es do ZEE impactam diretamente a atividade agropecu\u00e1ria no estado. Os produtores enfatizaram a necessidade de um regramento que assegure a preserva\u00e7\u00e3o ambiental, sem impor restri\u00e7\u00f5es desproporcionais \u00e0 produ\u00e7\u00e3o.<\/p>\n<p>&nbsp;<\/p>\n<p>Al\u00e9m da dire\u00e7\u00e3o e corpo t\u00e9cnico da FAET, participaram da reuni\u00e3o representantes de diversas entidades do agro, como a Associa\u00e7\u00e3o de Desenvolvimento Sustent\u00e1vel do Tocantins (ADSTO), a Associa\u00e7\u00e3o dos Produtores de Soja e Milho do Estado do Tocantins (APROSOJA-TO), a Associa\u00e7\u00e3o dos Criadores de Nelore do Tocantins (ACNT), a Associa\u00e7\u00e3o dos Produtores de Bico do Papagaio (APROBICO), al\u00e9m de empresas do setor, como a Sinobr\u00e1s.<\/p>\n<p>&nbsp;<\/p>\n<p>O projeto da ZEE-TO est\u00e1 na Comiss\u00e3o de Constitui\u00e7\u00e3o e Justi\u00e7a da Assembleia Legislativa e deve continuar tramitando ainda neste semestre. Segundo os representantes do agro, o di\u00e1logo com o poder p\u00fablico \u00e9 fundamental para que o Tocantins consiga aliar desenvolvimento econ\u00f4mico e sustentabilidade ambiental de forma equilibrada.<\/p>\n","protected":false},"excerpt":{"rendered":"<p>A Federa\u00e7\u00e3o da Agricultura e Pecu\u00e1ria do Estado do Tocantins (FAET) promoveu uma reuni\u00e3o com a Secretaria de Planejamento e Or\u00e7amento (Seplan\/TO) e representantes do setor produtivo para discutir a proposta do Zoneamento Econ\u00f4mico-Ecol\u00f3gico do Tocantins (ZEE-TO). O encontro teve como objetivo esclarecer d\u00favidas sobre o processo de elabora\u00e7\u00e3o e os crit\u00e9rios definidos na proposta [&hellip;]<\/p>\n","protected":false},"author":3,"featured_media":3362,"comment_status":"open","ping_status":"open","sticky":false,"template":"","format":"standard","meta":{"kia_subtitle":"","footnotes":""},"categories":[26],"tags":[],"class_list":["post-3357","post","type-post","status-publish","format-standard","has-post-thumbnail","hentry","category-noticia-principal"],"_links":{"self":[{"href":"https:\/\/sistemafaetsenar.org.br\/faet\/wp-json\/wp\/v2\/posts\/3357"}],"collection":[{"href":"https:\/\/sistemafaetsenar.org.br\/faet\/wp-json\/wp\/v2\/posts"}],"about":[{"href":"https:\/\/sistemafaetsenar.org.br\/faet\/wp-json\/wp\/v2\/types\/post"}],"author":[{"embeddable":true,"href":"https:\/\/sistemafaetsenar.org.br\/faet\/wp-json\/wp\/v2\/users\/3"}],"replies":[{"embeddable":true,"href":"https:\/\/sistemafaetsenar.org.br\/faet\/wp-json\/wp\/v2\/comments?post=3357"}],"version-history":[{"count":0,"href":"https:\/\/sistemafaetsenar.org.br\/faet\/wp-json\/wp\/v2\/posts\/3357\/revisions"}],"wp:featuredmedia":[{"embeddable":true,"href":"https:\/\/sistemafaetsenar.org.br\/faet\/wp-json\/wp\/v2\/media\/3362"}],"wp:attachment":[{"href":"https:\/\/sistemafaetsenar.org.br\/faet\/wp-json\/wp\/v2\/media?parent=3357"}],"wp:term":[{"taxonomy":"category","embeddable":true,"href":"https:\/\/sistemafaetsenar.org.br\/faet\/wp-json\/wp\/v2\/categories?post=3357"},{"taxonomy":"post_tag","embeddable":true,"href":"https:\/\/sistemafaetsenar.org.br\/faet\/wp-json\/wp\/v2\/tags?post=3357"}],"curies":[{"name":"wp","href":"https:\/\/api.w.org\/{rel}","templated":true}]}}