{"id":3341,"date":"2025-06-13T10:05:26","date_gmt":"2025-06-13T13:05:26","guid":{"rendered":"https:\/\/sistemafaetsenar.org.br\/faet\/?p=3341"},"modified":"2025-06-13T14:29:57","modified_gmt":"2025-06-13T17:29:57","slug":"o-municipio-de-formoso-foi-palco-da-abertura-da-xxxiv-edicao-da-expoformoso","status":"publish","type":"post","link":"https:\/\/sistemafaetsenar.org.br\/faet\/o-municipio-de-formoso-foi-palco-da-abertura-da-xxxiv-edicao-da-expoformoso\/","title":{"rendered":"O munic\u00edpio de Formoso foi palco da abertura da XXXIV edi\u00e7\u00e3o da EXPOFORMOSO"},"content":{"rendered":"<p>A cidade de Formoso do Araguaia celebrou uma das mais tradicionais exposi\u00e7\u00f5es agropecu\u00e1rias do Tocantins. A solenidade reuniu autoridades, produtores rurais, empres\u00e1rios e o p\u00fablico em geral, fomentando a economia local e a valoriza\u00e7\u00e3o do setor agropecu\u00e1rio na regi\u00e3o.<\/p>\n<p>&nbsp;<\/p>\n<p>Rodada de neg\u00f3cios, rodeio e shows, a Expoformoso contou com expositores de m\u00e1quinas, implementos agr\u00edcolas e gen\u00e9tica bovina de qualidade.<\/p>\n<p>&nbsp;<\/p>\n<p>Paulo Carneiro,esteve presente no evento e reafirmou o compromisso da federa\u00e7\u00e3o com o fortalecimento do agroneg\u00f3cio no Tocantins. \u201cO Sistema FAET\/Senar faz quest\u00e3o de ser parceiro das festas agropecu\u00e1rias. A federa\u00e7\u00e3o \u00e9 incans\u00e1vel quando o assunto \u00e9 inova\u00e7\u00e3o e capacita\u00e7\u00e3o para os nossos produtores e trabalhadores rurais\u201d, destacou.<\/p>\n<p>&nbsp;<\/p>\n<p>A parceria foi celebrada tamb\u00e9m pelo presidente do Sindicato Rural de Formoso do Araguaia, Eur\u00edpedes Melo: \u201c\u00c9 uma feira que movimenta o com\u00e9rcio local. N\u00e3o s\u00f3 os produtores, mas a cidade inteira participa do evento. A federa\u00e7\u00e3o \u00e9 nosso principal parceiro e essa parceria enriquece o evento. Gratid\u00e3o ao Presidente Paulo Carneiro pela parceria!\u201d<\/p>\n<p>&nbsp;<\/p>\n<p><img fetchpriority=\"high\" decoding=\"async\" class=\"alignnone wp-image-3343\" src=\"https:\/\/sistemafaetsenar.org.br\/faet\/wp-content\/uploads\/2025\/06\/WhatsApp-Image-2025-06-12-at-16.37.25-300x169.jpeg\" alt=\"\" width=\"634\" height=\"357\" srcset=\"https:\/\/sistemafaetsenar.org.br\/faet\/wp-content\/uploads\/2025\/06\/WhatsApp-Image-2025-06-12-at-16.37.25-300x169.jpeg 300w, https:\/\/sistemafaetsenar.org.br\/faet\/wp-content\/uploads\/2025\/06\/WhatsApp-Image-2025-06-12-at-16.37.25-1024x576.jpeg 1024w, https:\/\/sistemafaetsenar.org.br\/faet\/wp-content\/uploads\/2025\/06\/WhatsApp-Image-2025-06-12-at-16.37.25.jpeg 1599w\" sizes=\"(max-width: 634px) 100vw, 634px\" \/><\/p>\n<p>&nbsp;<\/p>\n<p><strong>Economia em alta e neg\u00f3cios em movimento<\/strong><\/p>\n<p>&nbsp;<\/p>\n<p>A presen\u00e7a de empresas do setor agropecu\u00e1rio foi um dos destaques da abertura. Para Marco T\u00falio, representante da Marca Motors, participar da feira \u00e9 uma oportunidade estrat\u00e9gica: \u201cPara n\u00f3s \u00e9 importante ter esse contato direto com o produtor rural, n\u00e3o s\u00f3 para fazer vendas, mas apresentar taxas acess\u00edveis e promover uma rela\u00e7\u00e3o mais pr\u00f3xima com o consumidor.\u201d<\/p>\n<p>&nbsp;<\/p>\n<p>\u201cEstamos no mercado h\u00e1 mais de 35 anos e trazemos o que temos de melhor para expor nessa feira agropecu\u00e1ria.\u201d Disse o expositor Marcilon Ferreira, da Nelore Jal.<\/p>\n<p>&nbsp;<\/p>\n<p>O evento contou ainda com a presen\u00e7a de autoridades estaduais: \u201cParabenizar o Paulo Carneiro pelas grandes pecu\u00e1rias que estamos presenciando aqui no Tocantins. \u00c9 isso que o tocantinense precisa: essa movimenta\u00e7\u00e3o do Agro.\u201d Disse Eduardo Fortes, deputado Estadual.<\/p>\n<p>&nbsp;<\/p>\n<p><img decoding=\"async\" class=\"alignnone wp-image-3344\" src=\"https:\/\/sistemafaetsenar.org.br\/faet\/wp-content\/uploads\/2025\/06\/WhatsApp-Image-2025-06-12-at-16.37.22-300x169.jpeg\" alt=\"\" width=\"653\" height=\"368\" srcset=\"https:\/\/sistemafaetsenar.org.br\/faet\/wp-content\/uploads\/2025\/06\/WhatsApp-Image-2025-06-12-at-16.37.22-300x169.jpeg 300w, https:\/\/sistemafaetsenar.org.br\/faet\/wp-content\/uploads\/2025\/06\/WhatsApp-Image-2025-06-12-at-16.37.22-1024x576.jpeg 1024w, https:\/\/sistemafaetsenar.org.br\/faet\/wp-content\/uploads\/2025\/06\/WhatsApp-Image-2025-06-12-at-16.37.22.jpeg 1599w\" sizes=\"(max-width: 653px) 100vw, 653px\" \/><\/p>\n<p>&nbsp;<\/p>\n<p><strong>Programa\u00e7\u00e3o segue com shows e capacita\u00e7\u00f5es<\/strong><\/p>\n<p>&nbsp;<\/p>\n<p>Al\u00e9m dos shows que seguem animando o p\u00fablico nas noites de festa, o evento tamb\u00e9m conta com o programa Agroforte durante o dia, promovendo palestras t\u00e9cnicas voltadas a produtores, trabalhadores rurais e mulheres do agro, levando conte\u00fado de qualidade e inova\u00e7\u00e3o para o campo. O AgroForte conta com o apoio do MAPA.<\/p>\n<p>&nbsp;<\/p>\n<p>A XXXIV EXPOFORMOSO \u00e9 fruto da parceria entre o Sindicato Rural de Formoso e o Sistema FAET, com apoio da como o apoio do MAPA, da SICS, da SICTUR, do CDE, do PICS e do Governo do Tocantins com o patroc\u00ednio do Senar Tocantins.<\/p>\n<p>&nbsp;<\/p>\n<p><img decoding=\"async\" class=\"alignnone wp-image-3345\" src=\"https:\/\/sistemafaetsenar.org.br\/faet\/wp-content\/uploads\/2025\/06\/WhatsApp-Image-2025-06-12-at-09.52.18-300x169.jpeg\" alt=\"\" width=\"637\" height=\"359\" srcset=\"https:\/\/sistemafaetsenar.org.br\/faet\/wp-content\/uploads\/2025\/06\/WhatsApp-Image-2025-06-12-at-09.52.18-300x169.jpeg 300w, https:\/\/sistemafaetsenar.org.br\/faet\/wp-content\/uploads\/2025\/06\/WhatsApp-Image-2025-06-12-at-09.52.18-1024x576.jpeg 1024w\" sizes=\"(max-width: 637px) 100vw, 637px\" \/><\/p>\n<p>&nbsp;<\/p>\n<p>&nbsp;<\/p>\n","protected":false},"excerpt":{"rendered":"<p>A cidade de Formoso do Araguaia celebrou uma das mais tradicionais exposi\u00e7\u00f5es agropecu\u00e1rias do Tocantins. A solenidade reuniu autoridades, produtores rurais, empres\u00e1rios e o p\u00fablico em geral, fomentando a economia local e a valoriza\u00e7\u00e3o do setor agropecu\u00e1rio na regi\u00e3o. &nbsp; Rodada de neg\u00f3cios, rodeio e shows, a Expoformoso contou com expositores de m\u00e1quinas, implementos agr\u00edcolas [&hellip;]<\/p>\n","protected":false},"author":7,"featured_media":3342,"comment_status":"open","ping_status":"open","sticky":false,"template":"","format":"standard","meta":{"kia_subtitle":"","footnotes":""},"categories":[1],"tags":[],"class_list":["post-3341","post","type-post","status-publish","format-standard","has-post-thumbnail","hentry","category-blog"],"_links":{"self":[{"href":"https:\/\/sistemafaetsenar.org.br\/faet\/wp-json\/wp\/v2\/posts\/3341"}],"collection":[{"href":"https:\/\/sistemafaetsenar.org.br\/faet\/wp-json\/wp\/v2\/posts"}],"about":[{"href":"https:\/\/sistemafaetsenar.org.br\/faet\/wp-json\/wp\/v2\/types\/post"}],"author":[{"embeddable":true,"href":"https:\/\/sistemafaetsenar.org.br\/faet\/wp-json\/wp\/v2\/users\/7"}],"replies":[{"embeddable":true,"href":"https:\/\/sistemafaetsenar.org.br\/faet\/wp-json\/wp\/v2\/comments?post=3341"}],"version-history":[{"count":0,"href":"https:\/\/sistemafaetsenar.org.br\/faet\/wp-json\/wp\/v2\/posts\/3341\/revisions"}],"wp:featuredmedia":[{"embeddable":true,"href":"https:\/\/sistemafaetsenar.org.br\/faet\/wp-json\/wp\/v2\/media\/3342"}],"wp:attachment":[{"href":"https:\/\/sistemafaetsenar.org.br\/faet\/wp-json\/wp\/v2\/media?parent=3341"}],"wp:term":[{"taxonomy":"category","embeddable":true,"href":"https:\/\/sistemafaetsenar.org.br\/faet\/wp-json\/wp\/v2\/categories?post=3341"},{"taxonomy":"post_tag","embeddable":true,"href":"https:\/\/sistemafaetsenar.org.br\/faet\/wp-json\/wp\/v2\/tags?post=3341"}],"curies":[{"name":"wp","href":"https:\/\/api.w.org\/{rel}","templated":true}]}}