{"id":3336,"date":"2025-06-10T16:37:27","date_gmt":"2025-06-10T19:37:27","guid":{"rendered":"https:\/\/sistemafaetsenar.org.br\/faet\/?p=3336"},"modified":"2025-06-10T16:37:27","modified_gmt":"2025-06-10T19:37:27","slug":"tocantinopolis-volta-a-ter-exposicao-agropecuaria-depois-de-nove-anos","status":"publish","type":"post","link":"https:\/\/sistemafaetsenar.org.br\/faet\/tocantinopolis-volta-a-ter-exposicao-agropecuaria-depois-de-nove-anos\/","title":{"rendered":"Tocantin\u00f3polis volta a ter exposi\u00e7\u00e3o agropecu\u00e1ria depois de nove anos"},"content":{"rendered":"<p>De 12 a 15 de junho de 2025, Tocantin\u00f3polis volta a celebrar uma de suas maiores tradi\u00e7\u00f5es com a 20\u00aa edi\u00e7\u00e3o da EXPOTOC.<\/p>\n<p>&nbsp;<\/p>\n<p>Ap\u00f3s nove anos sem realiza\u00e7\u00e3o, a exposi\u00e7\u00e3o agropecu\u00e1ria retorna reunindo rodeios, shows regionais e nacionais, cursos de qualifica\u00e7\u00e3o e a tradicional cavalgada de encerramento.<\/p>\n<p>&nbsp;<\/p>\n<p>O evento ser\u00e1 realizado no Parque de Exposi\u00e7\u00f5es Agropecu\u00e1rias do munic\u00edpio.<\/p>\n<p>&nbsp;<\/p>\n<p>Programada para o dia 12, a abertura oficial ter\u00e1 noite gospel, comandada pela cantora Rosilene Martins e a primeira rodada das montarias de rodeio, que seguem at\u00e9 o s\u00e1bado, dia 14.<\/p>\n<p>&nbsp;<\/p>\n<p>Al\u00e9m das atra\u00e7\u00f5es culturais e esportivas, a EXPOTOC 2025 ser\u00e1 palco de uma programa\u00e7\u00e3o t\u00e9cnica e formativa. O AgroForte, promovido pelo Sistema FAET\/Senar e Sindicato Rural de Tocantin\u00f3polis, com o apoio do Minist\u00e9rio da Agricultura e Governo Federal, oferecer\u00e1 palestras nos dias 13 e 14 de junho.<\/p>\n<p>&nbsp;<\/p>\n<p>O p\u00fablico poder\u00e1 acompanhar palestras sobre assuntos como cr\u00e9dito rural, o Cadastro Ambiental Rural (CAR) e licenciamento ambiental, al\u00e9m de apresenta\u00e7\u00f5es t\u00e9cnicas que v\u00e3o tratar de regulariza\u00e7\u00e3o fundi\u00e1ria at\u00e9 o uso eficiente e sustent\u00e1vel de herbicidas.<\/p>\n<p>&nbsp;<\/p>\n<p>Tamb\u00e9m ser\u00e3o ofertados cursos gratuitos voltados \u00e0 qualifica\u00e7\u00e3o de trabalhadores do campo, entre eles: opera\u00e7\u00e3o e manuten\u00e7\u00e3o de implementos agr\u00edcolas (12 a 14\/06), opera\u00e7\u00e3o de drones e mapeamento a\u00e9reo (10 a 14\/06), seguran\u00e7a no uso de agrot\u00f3xicos (11 a 13\/06) e manejo de pastagens na bovinocultura (12 a 14\/06).<\/p>\n<p>&nbsp;<\/p>\n<p>A parte musical vai contar com artistas como L\u00e9o Sillva e a banda Forr\u00f3 Perfeito, que sobem ao palco no s\u00e1bado, dia 14. No domingo, 15 de junho, ap\u00f3s a cavalgada que percorrer\u00e1 as principais ruas da cidade, ter\u00e1 shows com L\u00e9o Motta, May Ara\u00fajo e Cleyton Farias, encerrando o evento.<\/p>\n<p>&nbsp;<\/p>\n<p>Para o presidente do Sindicato Rural de Tocantin\u00f3polis, Paulo Labre, o retorno da exposi\u00e7\u00e3o marca um momento de reconstru\u00e7\u00e3o. \u201cQueremos restabelecer essa festa maravilhosa na nossa cidade A expectativa \u00e9 muito grande. Acredito que, ap\u00f3s esse evento, vamos realmente ativar o agro na nossa regi\u00e3o. O pessoal est\u00e1 tomando gosto pelo movimento e tamb\u00e9m pela agropecu\u00e1ria\u201d, afirmou.<\/p>\n<p>&nbsp;<\/p>\n<p>A XX EXPOTOC \u00e9 uma realiza\u00e7\u00e3o do Sindicato Rural de Tocantin\u00f3polis, do Sistema FAET\/Senar\/Sindicatos e da Prefeitura de Tocantin\u00f3polis com apoio do Secretaria Estadual da Ind\u00fastria, Com\u00e9rcio e Servi\u00e7os, da Secretaria Estadual do Turismo, do Conselho de Desenvolvimento Econ\u00f4mico do Estado (CDE), do Programa de Impulsionamento da Ind\u00fastria, Com\u00e9rcio e Servi\u00e7os (PICS) e do Governo do Tocantins.<\/p>\n","protected":false},"excerpt":{"rendered":"<p>De 12 a 15 de junho de 2025, Tocantin\u00f3polis volta a celebrar uma de suas maiores tradi\u00e7\u00f5es com a 20\u00aa edi\u00e7\u00e3o da EXPOTOC. &nbsp; Ap\u00f3s nove anos sem realiza\u00e7\u00e3o, a exposi\u00e7\u00e3o agropecu\u00e1ria retorna reunindo rodeios, shows regionais e nacionais, cursos de qualifica\u00e7\u00e3o e a tradicional cavalgada de encerramento. &nbsp; O evento ser\u00e1 realizado no Parque [&hellip;]<\/p>\n","protected":false},"author":7,"featured_media":3337,"comment_status":"open","ping_status":"open","sticky":false,"template":"","format":"standard","meta":{"kia_subtitle":"","footnotes":""},"categories":[16,26],"tags":[122,130,131],"class_list":["post-3336","post","type-post","status-publish","format-standard","has-post-thumbnail","hentry","category-feiras-e-eventos","category-noticia-principal","tag-expoagro","tag-expotoc","tag-expotocantinopolis"],"_links":{"self":[{"href":"https:\/\/sistemafaetsenar.org.br\/faet\/wp-json\/wp\/v2\/posts\/3336"}],"collection":[{"href":"https:\/\/sistemafaetsenar.org.br\/faet\/wp-json\/wp\/v2\/posts"}],"about":[{"href":"https:\/\/sistemafaetsenar.org.br\/faet\/wp-json\/wp\/v2\/types\/post"}],"author":[{"embeddable":true,"href":"https:\/\/sistemafaetsenar.org.br\/faet\/wp-json\/wp\/v2\/users\/7"}],"replies":[{"embeddable":true,"href":"https:\/\/sistemafaetsenar.org.br\/faet\/wp-json\/wp\/v2\/comments?post=3336"}],"version-history":[{"count":0,"href":"https:\/\/sistemafaetsenar.org.br\/faet\/wp-json\/wp\/v2\/posts\/3336\/revisions"}],"wp:featuredmedia":[{"embeddable":true,"href":"https:\/\/sistemafaetsenar.org.br\/faet\/wp-json\/wp\/v2\/media\/3337"}],"wp:attachment":[{"href":"https:\/\/sistemafaetsenar.org.br\/faet\/wp-json\/wp\/v2\/media?parent=3336"}],"wp:term":[{"taxonomy":"category","embeddable":true,"href":"https:\/\/sistemafaetsenar.org.br\/faet\/wp-json\/wp\/v2\/categories?post=3336"},{"taxonomy":"post_tag","embeddable":true,"href":"https:\/\/sistemafaetsenar.org.br\/faet\/wp-json\/wp\/v2\/tags?post=3336"}],"curies":[{"name":"wp","href":"https:\/\/api.w.org\/{rel}","templated":true}]}}