{"id":3317,"date":"2025-06-06T14:50:59","date_gmt":"2025-06-06T17:50:59","guid":{"rendered":"https:\/\/sistemafaetsenar.org.br\/faet\/?p=3317"},"modified":"2025-06-06T15:04:49","modified_gmt":"2025-06-06T18:04:49","slug":"missao-pec-nordeste-fortaleza-ce","status":"publish","type":"post","link":"https:\/\/sistemafaetsenar.org.br\/faet\/missao-pec-nordeste-fortaleza-ce\/","title":{"rendered":"Miss\u00e3o PEC Nordeste &#8211; Fortaleza\/CE"},"content":{"rendered":"<p>Com o objetivo de participar do maior evento de neg\u00f3cios do setor agropecu\u00e1rio do norte e nordeste, conhecer experi\u00eancias da regi\u00e3o e participar de palestras t\u00e9cnicas, o Sistema FAET\/Senar\/Sindicatos promove miss\u00e3o de produtores, t\u00e9cnicos, profissionais da \u00e1rea e presidentes de sindicatos.<\/p>\n<p>&nbsp;<\/p>\n<p>O semin\u00e1rio nordestino do agro est\u00e1 na 27a. edi\u00e7\u00e3o e \u00e9 realizado pela Federa\u00e7\u00e3o da Agricultura e Pecu\u00e1ria, Senar e Sebrae do Cear\u00e1.<\/p>\n<figure id=\"attachment_3321\" aria-describedby=\"caption-attachment-3321\" style=\"width: 300px\" class=\"wp-caption aligncenter\"><img fetchpriority=\"high\" decoding=\"async\" class=\"wp-image-3321 size-medium\" src=\"https:\/\/sistemafaetsenar.org.br\/faet\/wp-content\/uploads\/2025\/06\/WhatsApp-Image-2025-06-06-at-14.36.44-1-300x225.jpeg\" alt=\"\" width=\"300\" height=\"225\" srcset=\"https:\/\/sistemafaetsenar.org.br\/faet\/wp-content\/uploads\/2025\/06\/WhatsApp-Image-2025-06-06-at-14.36.44-1-300x225.jpeg 300w, https:\/\/sistemafaetsenar.org.br\/faet\/wp-content\/uploads\/2025\/06\/WhatsApp-Image-2025-06-06-at-14.36.44-1-1024x768.jpeg 1024w, https:\/\/sistemafaetsenar.org.br\/faet\/wp-content\/uploads\/2025\/06\/WhatsApp-Image-2025-06-06-at-14.36.44-1.jpeg 1600w\" sizes=\"(max-width: 300px) 100vw, 300px\" \/><figcaption id=\"caption-attachment-3321\" class=\"wp-caption-text\">A PEC Nordeste promove o interc\u00e2mbio cultural e troca de experi\u00eancias entre produtores rurais\/Imagem: Divulga\u00e7\u00e3o FAET\/Senar<\/figcaption><\/figure>\n<p>\u201c\u00c9 a segunda vez que participo do evento. Mas agora fizemos quest\u00e3o de trazer uma comitiva do Tocantins para conhecer esse evento que \u00e9 refer\u00eancia no norte e nordeste. O sistema FAEC est\u00e1 de parab\u00e9ns porque sairemos daqui com muita bagagem e conhecimento para aplicar no nosso estado conforme a nossa realidade\u201d destacou Paulo Carneiro, presidente do Sistema FAET\/Senar.<\/p>\n<p>&nbsp;<\/p>\n<figure id=\"attachment_3320\" aria-describedby=\"caption-attachment-3320\" style=\"width: 300px\" class=\"wp-caption aligncenter\"><img decoding=\"async\" class=\"size-medium wp-image-3320\" src=\"https:\/\/sistemafaetsenar.org.br\/faet\/wp-content\/uploads\/2025\/06\/WhatsApp-Image-2025-06-06-at-14.36.45-300x225.jpeg\" alt=\"\" width=\"300\" height=\"225\" srcset=\"https:\/\/sistemafaetsenar.org.br\/faet\/wp-content\/uploads\/2025\/06\/WhatsApp-Image-2025-06-06-at-14.36.45-300x225.jpeg 300w, https:\/\/sistemafaetsenar.org.br\/faet\/wp-content\/uploads\/2025\/06\/WhatsApp-Image-2025-06-06-at-14.36.45-1024x768.jpeg 1024w, https:\/\/sistemafaetsenar.org.br\/faet\/wp-content\/uploads\/2025\/06\/WhatsApp-Image-2025-06-06-at-14.36.45.jpeg 1600w\" sizes=\"(max-width: 300px) 100vw, 300px\" \/><figcaption id=\"caption-attachment-3320\" class=\"wp-caption-text\">Oficinas, palestras, mesas redondas e exposi\u00e7\u00f5es de projetos cient\u00edficos promovem integra\u00e7\u00e3o no setor brasileiro\/Imagem: Divulga\u00e7\u00e3o FAET\/Senar<\/figcaption><\/figure>\n<p>&nbsp;<\/p>\n<p><strong>O evento<\/strong><\/p>\n<p>A programa\u00e7\u00e3o t\u00e9cnico-cient\u00edfica envolve 16 segmentos do Agro, entre eles a Agroind\u00fastria, Apicultura e Meliponicultura, Aquicultura e Pesca, Avicultura, Bovinocultura, Caprinovinocultura e Fruticultura.<\/p>\n<p>Al\u00e9m disso, nos 32 mil m2 do Centro de Eventos do Cear\u00e1, a PECNORDESTE conta eventos paralelos como a Feira dos Munic\u00edpios, a Feira do Agro Norte e Nordeste, Expo Leite, Expo Camar\u00e3o e a com mais de 600 empresas e 1.200 estandes, que deve atrair cerca de 100 mil visitantes.<\/p>\n","protected":false},"excerpt":{"rendered":"<p>Com o objetivo de participar do maior evento de neg\u00f3cios do setor agropecu\u00e1rio do norte e nordeste, conhecer experi\u00eancias da regi\u00e3o e participar de palestras t\u00e9cnicas, o Sistema FAET\/Senar\/Sindicatos promove miss\u00e3o de produtores, t\u00e9cnicos, profissionais da \u00e1rea e presidentes de sindicatos. &nbsp; O semin\u00e1rio nordestino do agro est\u00e1 na 27a. edi\u00e7\u00e3o e \u00e9 realizado pela [&hellip;]<\/p>\n","protected":false},"author":7,"featured_media":3318,"comment_status":"open","ping_status":"open","sticky":false,"template":"","format":"standard","meta":{"kia_subtitle":"Sistema FAET\/Senar\/Sindicatos e Minist\u00e9rio da Agricultura, Governo Federal.","footnotes":""},"categories":[16],"tags":[129,128],"class_list":["post-3317","post","type-post","status-publish","format-standard","has-post-thumbnail","hentry","category-feiras-e-eventos","tag-missaopecnordeste","tag-pecnordeste"],"_links":{"self":[{"href":"https:\/\/sistemafaetsenar.org.br\/faet\/wp-json\/wp\/v2\/posts\/3317"}],"collection":[{"href":"https:\/\/sistemafaetsenar.org.br\/faet\/wp-json\/wp\/v2\/posts"}],"about":[{"href":"https:\/\/sistemafaetsenar.org.br\/faet\/wp-json\/wp\/v2\/types\/post"}],"author":[{"embeddable":true,"href":"https:\/\/sistemafaetsenar.org.br\/faet\/wp-json\/wp\/v2\/users\/7"}],"replies":[{"embeddable":true,"href":"https:\/\/sistemafaetsenar.org.br\/faet\/wp-json\/wp\/v2\/comments?post=3317"}],"version-history":[{"count":0,"href":"https:\/\/sistemafaetsenar.org.br\/faet\/wp-json\/wp\/v2\/posts\/3317\/revisions"}],"wp:featuredmedia":[{"embeddable":true,"href":"https:\/\/sistemafaetsenar.org.br\/faet\/wp-json\/wp\/v2\/media\/3318"}],"wp:attachment":[{"href":"https:\/\/sistemafaetsenar.org.br\/faet\/wp-json\/wp\/v2\/media?parent=3317"}],"wp:term":[{"taxonomy":"category","embeddable":true,"href":"https:\/\/sistemafaetsenar.org.br\/faet\/wp-json\/wp\/v2\/categories?post=3317"},{"taxonomy":"post_tag","embeddable":true,"href":"https:\/\/sistemafaetsenar.org.br\/faet\/wp-json\/wp\/v2\/tags?post=3317"}],"curies":[{"name":"wp","href":"https:\/\/api.w.org\/{rel}","templated":true}]}}