{"id":3308,"date":"2025-06-05T15:45:49","date_gmt":"2025-06-05T18:45:49","guid":{"rendered":"https:\/\/sistemafaetsenar.org.br\/faet\/?p=3308"},"modified":"2025-06-11T14:39:59","modified_gmt":"2025-06-11T17:39:59","slug":"formoso-do-araguaia-celebra-sua-a-34a-edicao-da-expoformoso","status":"publish","type":"post","link":"https:\/\/sistemafaetsenar.org.br\/faet\/formoso-do-araguaia-celebra-sua-a-34a-edicao-da-expoformoso\/","title":{"rendered":"Formoso do Araguaia celebra sua a 34\u00aa edi\u00e7\u00e3o da ExpoFormoso\u00a0"},"content":{"rendered":"<p><span style=\"font-weight: 400;\">A cidade de Formoso do Araguaia, no sul do Tocantins, est\u00e1 prestes a sediar a 34\u00aa edi\u00e7\u00e3o da ExpoFormoso, que ocorrer\u00e1 de 7 a 14 de junho de 2025. O evento que ocorrer\u00e1 no Parque de Exposi\u00e7\u00f5es Ant\u00f4nio Lisboa da Cruz, promete uma semana repleta de tradi\u00e7\u00e3o, entretenimento e oportunidades de neg\u00f3cios voltadas ao agroneg\u00f3cio regional.<\/span><\/p>\n<p>&nbsp;<\/p>\n<p><span style=\"font-weight: 400;\">A abertura da ExpoFormoso ser\u00e1 no s\u00e1bado, 7 de junho, com a tradicional cavalgada, que sair\u00e1 \u00e0s 14h da frente da AABB, reunindo comitivas de diversas regi\u00f5es. Na mesma noite, o palco recebem grande estilo. A entrada ser\u00e1 solid\u00e1ria, com a doa\u00e7\u00e3o de 1kg de alimento n\u00e3o perec\u00edvel.<\/span><\/p>\n<p>&nbsp;<\/p>\n<p><span style=\"font-weight: 400;\">O rodeio come\u00e7a oficialmente na quarta-feira, 11 de junho, com show de L\u00e9o Magalh\u00e3es. Na quinta-feira, 12 de junho, o pe\u00e3o Andr\u00e9 Andrade entra em cena. No s\u00e1bado, 14, acontece a grande final do rodeio, embalada pela banda Chicote de Luxo.<\/span><\/p>\n<p>&nbsp;<\/p>\n<p><span style=\"font-weight: 400;\">Al\u00e9m das atra\u00e7\u00f5es culturais, durante toda a exposi\u00e7\u00e3o, o AGROFORTE, <\/span><span style=\"font-weight: 400;\">programa que leva aos produtores rurais acesso a conhecimento t\u00e9cnico, atualiza\u00e7\u00e3o sobre as tend\u00eancias do mercado e oportunidades de neg\u00f3cio, oferecer\u00e1 palestras, mesas-redondas, mostras de casos de sucesso, oficinas e demonstra\u00e7\u00f5es pr\u00e1ticas.<\/span><\/p>\n<p>&nbsp;<\/p>\n<p><span style=\"font-weight: 400;\">Importante ressaltar que est\u00e1 proibida a entrada com bebidas no recinto.<\/span><\/p>\n<p>&nbsp;<\/p>\n<p><span style=\"font-weight: 400;\">A\u00a0 ExpoFormoso 2025 \u00e9 uma realiza\u00e7\u00e3o do <\/span><b>Sindicato Rural de Formoso do Araguaia<\/b><span style=\"font-weight: 400;\">, com apoio do <\/span><b>Sistema FAET\/Senar\/Sindicatos<\/b><span style=\"font-weight: 400;\">, da Prefeitura Municipal de Formoso do Araguaia, da <\/span><b>Secretaria Estadual da Ind\u00fastria, Com\u00e9rcio e Servi\u00e7os<\/b><span style=\"font-weight: 400;\">, da <\/span><b>Secretaria Estadual do Turismo<\/b><span style=\"font-weight: 400;\">, do <\/span><b>Conselho de Desenvolvimento Econ\u00f4mico do Estado (CDE)<\/b><span style=\"font-weight: 400;\">, do <\/span><b>Programa de Impulsionamento da Ind\u00fastria, Com\u00e9rcio e Servi\u00e7os (PICS)<\/b><span style=\"font-weight: 400;\"> e do <\/span><b>Governo do Tocantins<\/b><span style=\"font-weight: 400;\">.<\/span><\/p>\n<p>&nbsp;<\/p>\n<p><span style=\"font-weight: 400;\">O AGROFORTE \u00e9 uma iniciativa do Sistema FAET\/Senar\/Sindicatos em parceria com o Sindicato Rural de Formoso do Araguaia, Minist\u00e9rio da Agricultura e Pecu\u00e1ria (Mapa)\u00a0 e Governo Federal. Termo de fomento 956148\/2024 MAPA\/FAET.<\/span><\/p>\n<p>&nbsp;<\/p>\n","protected":false},"excerpt":{"rendered":"<p>A cidade de Formoso do Araguaia, no sul do Tocantins, est\u00e1 prestes a sediar a 34\u00aa edi\u00e7\u00e3o da ExpoFormoso, que ocorrer\u00e1 de 7 a 14 de junho de 2025. O evento que ocorrer\u00e1 no Parque de Exposi\u00e7\u00f5es Ant\u00f4nio Lisboa da Cruz, promete uma semana repleta de tradi\u00e7\u00e3o, entretenimento e oportunidades de neg\u00f3cios voltadas ao agroneg\u00f3cio [&hellip;]<\/p>\n","protected":false},"author":7,"featured_media":3309,"comment_status":"open","ping_status":"open","sticky":false,"template":"","format":"standard","meta":{"kia_subtitle":"","footnotes":""},"categories":[16,26],"tags":[122,127],"class_list":["post-3308","post","type-post","status-publish","format-standard","has-post-thumbnail","hentry","category-feiras-e-eventos","category-noticia-principal","tag-expoagro","tag-expoformoso"],"_links":{"self":[{"href":"https:\/\/sistemafaetsenar.org.br\/faet\/wp-json\/wp\/v2\/posts\/3308"}],"collection":[{"href":"https:\/\/sistemafaetsenar.org.br\/faet\/wp-json\/wp\/v2\/posts"}],"about":[{"href":"https:\/\/sistemafaetsenar.org.br\/faet\/wp-json\/wp\/v2\/types\/post"}],"author":[{"embeddable":true,"href":"https:\/\/sistemafaetsenar.org.br\/faet\/wp-json\/wp\/v2\/users\/7"}],"replies":[{"embeddable":true,"href":"https:\/\/sistemafaetsenar.org.br\/faet\/wp-json\/wp\/v2\/comments?post=3308"}],"version-history":[{"count":0,"href":"https:\/\/sistemafaetsenar.org.br\/faet\/wp-json\/wp\/v2\/posts\/3308\/revisions"}],"wp:featuredmedia":[{"embeddable":true,"href":"https:\/\/sistemafaetsenar.org.br\/faet\/wp-json\/wp\/v2\/media\/3309"}],"wp:attachment":[{"href":"https:\/\/sistemafaetsenar.org.br\/faet\/wp-json\/wp\/v2\/media?parent=3308"}],"wp:term":[{"taxonomy":"category","embeddable":true,"href":"https:\/\/sistemafaetsenar.org.br\/faet\/wp-json\/wp\/v2\/categories?post=3308"},{"taxonomy":"post_tag","embeddable":true,"href":"https:\/\/sistemafaetsenar.org.br\/faet\/wp-json\/wp\/v2\/tags?post=3308"}],"curies":[{"name":"wp","href":"https:\/\/api.w.org\/{rel}","templated":true}]}}