{"id":3300,"date":"2025-06-05T10:03:44","date_gmt":"2025-06-05T13:03:44","guid":{"rendered":"https:\/\/sistemafaetsenar.org.br\/faet\/?p=3300"},"modified":"2025-06-05T15:58:16","modified_gmt":"2025-06-05T18:58:16","slug":"senar-leva-capacitacao-e-inovacao-para-a-agricultura-familiar-durante-o-agroforte-em-guarai","status":"publish","type":"post","link":"https:\/\/sistemafaetsenar.org.br\/faet\/senar-leva-capacitacao-e-inovacao-para-a-agricultura-familiar-durante-o-agroforte-em-guarai\/","title":{"rendered":"Senar leva capacita\u00e7\u00e3o e inova\u00e7\u00e3o para a agricultura familiar durante o Agroforte em Guara\u00ed"},"content":{"rendered":"<p>&nbsp;<\/p>\n<p><em>\u201cA import\u00e2ncia do Senar na agricultura familiar \u00e9 muito grande. Ele consegue atender do pequeno ao grande, alcan\u00e7a a todos.\u201d <\/em>Disse Sebastiana Alves, produtora rural da regi\u00e3o, ao participar da programa\u00e7\u00e3o do Agroforte em Guara\u00ed.<\/p>\n<p>&nbsp;<\/p>\n<p>O evento contou com oficina de drones e reuniu produtores rurais, jovens e mulheres do agro, promovendo acesso \u00e0 tecnologia e conhecimento aplicado no campo.<\/p>\n<p>&nbsp;<\/p>\n<p>A mobilizadora do Senar, Solange Decker, destacou a relev\u00e2ncia da oficina para a realidade local: <em>\u201cHoje, aqui na regi\u00e3o, faz-se muitas pulveriza\u00e7\u00f5es com drone, ent\u00e3o \u00e9 uma oficina que abre portas para quem se capacita.\u201d<\/em><\/p>\n<p>&nbsp;<\/p>\n<p><img fetchpriority=\"high\" decoding=\"async\" class=\"alignnone wp-image-3306\" src=\"https:\/\/sistemafaetsenar.org.br\/faet\/wp-content\/uploads\/2025\/06\/WhatsApp-Image-2025-05-29-at-16.22.21-300x169.jpeg\" alt=\"\" width=\"911\" height=\"513\" srcset=\"https:\/\/sistemafaetsenar.org.br\/faet\/wp-content\/uploads\/2025\/06\/WhatsApp-Image-2025-05-29-at-16.22.21-300x169.jpeg 300w, https:\/\/sistemafaetsenar.org.br\/faet\/wp-content\/uploads\/2025\/06\/WhatsApp-Image-2025-05-29-at-16.22.21-1024x576.jpeg 1024w, https:\/\/sistemafaetsenar.org.br\/faet\/wp-content\/uploads\/2025\/06\/WhatsApp-Image-2025-05-29-at-16.22.21.jpeg 1599w\" sizes=\"(max-width: 911px) 100vw, 911px\" \/><\/p>\n<p>&nbsp;<\/p>\n<p>&nbsp;<\/p>\n<p>O engenheiro agr\u00f4nomo Alessandro Jos\u00e9, que participou da capacita\u00e7\u00e3o, ressaltou o impacto da qualifica\u00e7\u00e3o: <em>\u201c\u00c9 muito importante para quem est\u00e1 come\u00e7ando, porque o mercado busca isso hoje em dia.\u201d<\/em><\/p>\n<p>&nbsp;<\/p>\n<p>A programa\u00e7\u00e3o do Agroforte contou ainda com palestras e rodas de conversa abordando temas como Cadastro Ambiental Rural (CAR), licenciamento ambiental e tend\u00eancias e perspectivas do mercado pecu\u00e1rio. Os participantes puderam vivenciar momentos de troca de experi\u00eancias, conhecimento te\u00f3rico e pr\u00e1tico. O produtor rural Nilton Ernesto aprovou a iniciativa: \u201c<em>\u00c9 um conhecimento a mais, n\u00e9? Achei muito interessante, muito bom.\u201d<\/em><\/p>\n<p>&nbsp;<\/p>\n<p>O Sistema FAET\/Senar segue investindo na qualifica\u00e7\u00e3o de produtores e trabalhadores rurais do Tocantins. O Agroforte de Guara\u00ed \u00e9 fruto da parceria entre o Sindicato Rural de Guara\u00ed e o Sistema FAET\/Senar\/Sindicatos, com o apoio do Minist\u00e9rio da Agricultura e Pecu\u00e1ria (MAPA) e do Governo Federal.<\/p>\n","protected":false},"excerpt":{"rendered":"<p>&nbsp; \u201cA import\u00e2ncia do Senar na agricultura familiar \u00e9 muito grande. Ele consegue atender do pequeno ao grande, alcan\u00e7a a todos.\u201d Disse Sebastiana Alves, produtora rural da regi\u00e3o, ao participar da programa\u00e7\u00e3o do Agroforte em Guara\u00ed. &nbsp; O evento contou com oficina de drones e reuniu produtores rurais, jovens e mulheres do agro, promovendo acesso [&hellip;]<\/p>\n","protected":false},"author":7,"featured_media":3304,"comment_status":"open","ping_status":"open","sticky":false,"template":"","format":"standard","meta":{"kia_subtitle":"","footnotes":""},"categories":[1],"tags":[],"class_list":["post-3300","post","type-post","status-publish","format-standard","has-post-thumbnail","hentry","category-blog"],"_links":{"self":[{"href":"https:\/\/sistemafaetsenar.org.br\/faet\/wp-json\/wp\/v2\/posts\/3300"}],"collection":[{"href":"https:\/\/sistemafaetsenar.org.br\/faet\/wp-json\/wp\/v2\/posts"}],"about":[{"href":"https:\/\/sistemafaetsenar.org.br\/faet\/wp-json\/wp\/v2\/types\/post"}],"author":[{"embeddable":true,"href":"https:\/\/sistemafaetsenar.org.br\/faet\/wp-json\/wp\/v2\/users\/7"}],"replies":[{"embeddable":true,"href":"https:\/\/sistemafaetsenar.org.br\/faet\/wp-json\/wp\/v2\/comments?post=3300"}],"version-history":[{"count":0,"href":"https:\/\/sistemafaetsenar.org.br\/faet\/wp-json\/wp\/v2\/posts\/3300\/revisions"}],"wp:featuredmedia":[{"embeddable":true,"href":"https:\/\/sistemafaetsenar.org.br\/faet\/wp-json\/wp\/v2\/media\/3304"}],"wp:attachment":[{"href":"https:\/\/sistemafaetsenar.org.br\/faet\/wp-json\/wp\/v2\/media?parent=3300"}],"wp:term":[{"taxonomy":"category","embeddable":true,"href":"https:\/\/sistemafaetsenar.org.br\/faet\/wp-json\/wp\/v2\/categories?post=3300"},{"taxonomy":"post_tag","embeddable":true,"href":"https:\/\/sistemafaetsenar.org.br\/faet\/wp-json\/wp\/v2\/tags?post=3300"}],"curies":[{"name":"wp","href":"https:\/\/api.w.org\/{rel}","templated":true}]}}