{"id":3288,"date":"2025-06-04T13:59:11","date_gmt":"2025-06-04T16:59:11","guid":{"rendered":"https:\/\/sistemafaetsenar.org.br\/faet\/?p=3288"},"modified":"2025-06-04T17:00:34","modified_gmt":"2025-06-04T20:00:34","slug":"expo-palmeiropolis-2025-celebra-45-anos-da-cidade-com-tradicao-negocios-e-grandes-atracoes","status":"publish","type":"post","link":"https:\/\/sistemafaetsenar.org.br\/faet\/expo-palmeiropolis-2025-celebra-45-anos-da-cidade-com-tradicao-negocios-e-grandes-atracoes\/","title":{"rendered":"Expo Palmeir\u00f3polis 2025 celebra 45 anos da cidade com tradi\u00e7\u00e3o, neg\u00f3cios e grandes atra\u00e7\u00f5es"},"content":{"rendered":"<p><span style=\"font-weight: 400;\">A cidade de Palmeir\u00f3polis, no sul do Tocantins, est\u00e1 prestes a realizar a <\/span><b>11\u00aa edi\u00e7\u00e3o da Expo Palmeir\u00f3polis, marcada para ocorrer entre os dias 5 e 10 de junho <\/b><span style=\"font-weight: 400;\">de 2025. A exposi\u00e7\u00e3o ser\u00e1 realizada no Parque de Exposi\u00e7\u00f5es, localizado na Pra\u00e7a Lim\u00edrio Viana, centro da cidade.\u00a0<\/span><\/p>\n<p>&nbsp;<\/p>\n<p><span style=\"font-weight: 400;\">O evento, promovido pela pela prefeitura do munic\u00edpio em parceria com o sindicato rural e Sistema FAET\/Senar, tamb\u00e9m faz uma alus\u00e3o ao 45 anos de emancipa\u00e7\u00e3o pol\u00edtica da cidade e promete ser uma festa que une cultura, entretenimento e oportunidades de neg\u00f3cios\u00a0<\/span><\/p>\n<p>&nbsp;<\/p>\n<p><span style=\"font-weight: 400;\">Entre as atra\u00e7\u00f5es confirmadas est\u00e3o os tradicionais <\/span><b>rodeios<\/b><span style=\"font-weight: 400;\">, <\/span><b>vaquejada<\/b><span style=\"font-weight: 400;\">, <\/span><b>cavalgada, torneio leiteiro, prova dos tr\u00eas tambores<\/b><span style=\"font-weight: 400;\"> e <\/span><b>leil\u00f5es de gado<\/b><span style=\"font-weight: 400;\">.<\/span><\/p>\n<p>&nbsp;<\/p>\n<p><span style=\"font-weight: 400;\">A abertura, marcada para o dia 5 de junho, receber\u00e1 atra\u00e7\u00f5es musicais como Dayane Soto, Isadora Pompeu e Tchu Hit &amp; Wellinton. Ao longo da semana a programa\u00e7\u00e3o continua com shows de artistas como Trio Parada Dura, Rio Negro &amp; Solim\u00f5es, Ricardo &amp; Thiago, Forr\u00f3 Sacode e Wglemerson Lima fechando a rodada de apresenta\u00e7\u00f5es com L\u00e9o Magalh\u00e3es, Xote de Ouro e Patr\u00edcia Rocha no \u00faltimo dia.<\/span><\/p>\n<p>&nbsp;<\/p>\n<p><span style=\"font-weight: 400;\">A tradicional <\/span><b>cavalgada<\/b><span style=\"font-weight: 400;\"> em <\/span><b>7 de junho<\/b><span style=\"font-weight: 400;\">, promete percorrer as principais ruas da cidade, reunindo comitivas de diversas regi\u00f5es. Al\u00e9m das atra\u00e7\u00f5es culturais e esportivas, o evento conta com <\/span><b>palestras t\u00e9cnicas<\/b><span style=\"font-weight: 400;\"> e <\/span><b>rodadas de neg\u00f3cios<\/b><span style=\"font-weight: 400;\">, visando fomentar o agroneg\u00f3cio local e regional.<\/span><\/p>\n<p><span style=\"font-weight: 400;\">A Expo Palmeir\u00f3polis 2025 \u00e9 uma realiza\u00e7\u00e3o do <\/span><b>Sindicato Rural de Palmeir\u00f3polis<\/b><span style=\"font-weight: 400;\">, com apoio do <\/span><b>Sistema FAET\/Senar\/Sindicatos<\/b><span style=\"font-weight: 400;\">, da <\/span><b>Secretaria Estadual da Ind\u00fastria, Com\u00e9rcio e Servi\u00e7os<\/b><span style=\"font-weight: 400;\">, da <\/span><b>Secretaria Estadual do Turismo<\/b><span style=\"font-weight: 400;\">, do <\/span><b>Conselho de Desenvolvimento Econ\u00f4mico do Estado (CDE)<\/b><span style=\"font-weight: 400;\">, do <\/span><b>Programa de Impulsionamento da Ind\u00fastria, Com\u00e9rcio e Servi\u00e7os (PICS) <\/b><span style=\"font-weight: 400;\">e do <\/span><b>Governo do Tocantins<\/b><span style=\"font-weight: 400;\">.<\/span><\/p>\n","protected":false},"excerpt":{"rendered":"<p>A cidade de Palmeir\u00f3polis, no sul do Tocantins, est\u00e1 prestes a realizar a 11\u00aa edi\u00e7\u00e3o da Expo Palmeir\u00f3polis, marcada para ocorrer entre os dias 5 e 10 de junho de 2025. A exposi\u00e7\u00e3o ser\u00e1 realizada no Parque de Exposi\u00e7\u00f5es, localizado na Pra\u00e7a Lim\u00edrio Viana, centro da cidade.\u00a0 &nbsp; O evento, promovido pela pela prefeitura do [&hellip;]<\/p>\n","protected":false},"author":7,"featured_media":3289,"comment_status":"open","ping_status":"open","sticky":false,"template":"","format":"standard","meta":{"kia_subtitle":"","footnotes":""},"categories":[16,26],"tags":[122,126],"class_list":["post-3288","post","type-post","status-publish","format-standard","has-post-thumbnail","hentry","category-feiras-e-eventos","category-noticia-principal","tag-expoagro","tag-expopalmeiropolis"],"_links":{"self":[{"href":"https:\/\/sistemafaetsenar.org.br\/faet\/wp-json\/wp\/v2\/posts\/3288"}],"collection":[{"href":"https:\/\/sistemafaetsenar.org.br\/faet\/wp-json\/wp\/v2\/posts"}],"about":[{"href":"https:\/\/sistemafaetsenar.org.br\/faet\/wp-json\/wp\/v2\/types\/post"}],"author":[{"embeddable":true,"href":"https:\/\/sistemafaetsenar.org.br\/faet\/wp-json\/wp\/v2\/users\/7"}],"replies":[{"embeddable":true,"href":"https:\/\/sistemafaetsenar.org.br\/faet\/wp-json\/wp\/v2\/comments?post=3288"}],"version-history":[{"count":0,"href":"https:\/\/sistemafaetsenar.org.br\/faet\/wp-json\/wp\/v2\/posts\/3288\/revisions"}],"wp:featuredmedia":[{"embeddable":true,"href":"https:\/\/sistemafaetsenar.org.br\/faet\/wp-json\/wp\/v2\/media\/3289"}],"wp:attachment":[{"href":"https:\/\/sistemafaetsenar.org.br\/faet\/wp-json\/wp\/v2\/media?parent=3288"}],"wp:term":[{"taxonomy":"category","embeddable":true,"href":"https:\/\/sistemafaetsenar.org.br\/faet\/wp-json\/wp\/v2\/categories?post=3288"},{"taxonomy":"post_tag","embeddable":true,"href":"https:\/\/sistemafaetsenar.org.br\/faet\/wp-json\/wp\/v2\/tags?post=3288"}],"curies":[{"name":"wp","href":"https:\/\/api.w.org\/{rel}","templated":true}]}}