{"id":3276,"date":"2025-06-02T16:12:43","date_gmt":"2025-06-02T19:12:43","guid":{"rendered":"https:\/\/sistemafaetsenar.org.br\/faet\/?p=3276"},"modified":"2025-06-02T16:36:05","modified_gmt":"2025-06-02T19:36:05","slug":"reforma-tributaria-pode-prejudicar-medios-e-grandes-produtores-rurais","status":"publish","type":"post","link":"https:\/\/sistemafaetsenar.org.br\/faet\/reforma-tributaria-pode-prejudicar-medios-e-grandes-produtores-rurais\/","title":{"rendered":"Reforma Tribut\u00e1ria pode prejudicar m\u00e9dios e grandes produtores rurais"},"content":{"rendered":"<p>O novo Projeto de Lei da Reforma Tribut\u00e1ria (PL 1.087\/2025), que prop\u00f5e mudan\u00e7as na forma de cobrar impostos no Brasil, trouxe al\u00edvio para os pequenos produtores, mas acendeu um alerta no campo. A proposta isenta quem ganha at\u00e9 R$ 5 mil por m\u00eas e reduz a carga tribut\u00e1ria para rendas de at\u00e9 R$ 7 mil. No entanto, tamb\u00e9m cria um novo imposto que afeta diretamente quem produz em maior escala.<\/p>\n<p>&nbsp;<\/p>\n<p>A grande preocupa\u00e7\u00e3o \u00e9 que o governo pretende tributar o valor bruto recebido pelos produtores, sem considerar os custos da produ\u00e7\u00e3o. Isso significa que, mesmo em anos de preju\u00edzo, muitos ainda teriam que pagar imposto, o que pode comprometer a viabilidade da produ\u00e7\u00e3o rural.<\/p>\n<p>&nbsp;<\/p>\n<p>Especialistas alertam que, se o projeto for aprovado da forma como est\u00e1, o aumento da carga tribut\u00e1ria poder\u00e1 ser repassado ao consumidor. Ou seja, os alimentos podem ficar mais caros e o Brasil corre o risco de enfrentar uma infla\u00e7\u00e3o no setor alimentar.<\/p>\n<p>&nbsp;<\/p>\n<p>A FAET ir\u00e1 levar a proposta de emenda da CNA aos Deputados Federais, para garantir que apenas os lucros sejam tributados, respeitando a realidade da produ\u00e7\u00e3o rural.<\/p>\n<p>&nbsp;<\/p>\n<p>Do pequeno ao grande produtor, a FAET segue firme na defesa dos direitos e interesses do campo.<\/p>\n<p>&nbsp;<\/p>\n<p><a href=\"https:\/\/sistemafaetsenar.org.br\/faet\/wp-content\/uploads\/2025\/06\/Parecer-Tecnico-PL-1.087-2025-da-Reforma-Tributaria-Impactos-aos-produtores-rurais.pdf\">Parecer T\u00e9cnico &#8211; PL 1.087-2025 da Reforma Tribut\u00e1ria &#8211; Impactos aos produtores rurais<\/a><\/p>\n<p>&nbsp;<\/p>\n","protected":false},"excerpt":{"rendered":"<p>O novo Projeto de Lei da Reforma Tribut\u00e1ria (PL 1.087\/2025), que prop\u00f5e mudan\u00e7as na forma de cobrar impostos no Brasil, trouxe al\u00edvio para os pequenos produtores, mas acendeu um alerta no campo. A proposta isenta quem ganha at\u00e9 R$ 5 mil por m\u00eas e reduz a carga tribut\u00e1ria para rendas de at\u00e9 R$ 7 mil. [&hellip;]<\/p>\n","protected":false},"author":3,"featured_media":3281,"comment_status":"open","ping_status":"open","sticky":false,"template":"","format":"standard","meta":{"kia_subtitle":"","footnotes":""},"categories":[26],"tags":[],"class_list":["post-3276","post","type-post","status-publish","format-standard","has-post-thumbnail","hentry","category-noticia-principal"],"_links":{"self":[{"href":"https:\/\/sistemafaetsenar.org.br\/faet\/wp-json\/wp\/v2\/posts\/3276"}],"collection":[{"href":"https:\/\/sistemafaetsenar.org.br\/faet\/wp-json\/wp\/v2\/posts"}],"about":[{"href":"https:\/\/sistemafaetsenar.org.br\/faet\/wp-json\/wp\/v2\/types\/post"}],"author":[{"embeddable":true,"href":"https:\/\/sistemafaetsenar.org.br\/faet\/wp-json\/wp\/v2\/users\/3"}],"replies":[{"embeddable":true,"href":"https:\/\/sistemafaetsenar.org.br\/faet\/wp-json\/wp\/v2\/comments?post=3276"}],"version-history":[{"count":0,"href":"https:\/\/sistemafaetsenar.org.br\/faet\/wp-json\/wp\/v2\/posts\/3276\/revisions"}],"wp:featuredmedia":[{"embeddable":true,"href":"https:\/\/sistemafaetsenar.org.br\/faet\/wp-json\/wp\/v2\/media\/3281"}],"wp:attachment":[{"href":"https:\/\/sistemafaetsenar.org.br\/faet\/wp-json\/wp\/v2\/media?parent=3276"}],"wp:term":[{"taxonomy":"category","embeddable":true,"href":"https:\/\/sistemafaetsenar.org.br\/faet\/wp-json\/wp\/v2\/categories?post=3276"},{"taxonomy":"post_tag","embeddable":true,"href":"https:\/\/sistemafaetsenar.org.br\/faet\/wp-json\/wp\/v2\/tags?post=3276"}],"curies":[{"name":"wp","href":"https:\/\/api.w.org\/{rel}","templated":true}]}}