{"id":3272,"date":"2025-06-02T14:56:49","date_gmt":"2025-06-02T17:56:49","guid":{"rendered":"https:\/\/sistemafaetsenar.org.br\/faet\/?p=3272"},"modified":"2025-06-13T14:42:01","modified_gmt":"2025-06-13T17:42:01","slug":"encerramento-da-23a-exposicao-agropecuaria-de-marianopolis-celebra-cultura-e-fortalecimento-do-agro","status":"publish","type":"post","link":"https:\/\/sistemafaetsenar.org.br\/faet\/encerramento-da-23a-exposicao-agropecuaria-de-marianopolis-celebra-cultura-e-fortalecimento-do-agro\/","title":{"rendered":"Encerramento da 23\u00aa Exposi\u00e7\u00e3o Agropecu\u00e1ria de Marian\u00f3polis celebra cultura e fortalecimento do Agro"},"content":{"rendered":"<p><em>\u201cA nossa 23\u00aa Expoagro foi um sucesso em mat\u00e9ria de p\u00fablico. Tivemos uma semana repleta de programa\u00e7\u00f5es, com muita difus\u00e3o de conhecimento para produtores, jovens e mulheres do agro.\u201d<\/em> Declarou Darci D\u00e1rio, presidente de sindicato rural de Marian\u00f3polis sobre a 23\u00b0 edi\u00e7\u00e3o da Exposi\u00e7\u00e3o Agropecu\u00e1ria de Marian\u00f3polis.<\/p>\n<p>&nbsp;<\/p>\n<p>O evento foi esperado por produtores rurais, comerciantes e pela popula\u00e7\u00e3o em geral, que se re\u00fauniram para celebrar a cultura e o desenvolvimento do agroneg\u00f3cio na regi\u00e3o.<\/p>\n<p>&nbsp;<\/p>\n<p><strong>AGROFORTE levou conhecimento durante a feira<\/strong><\/p>\n<p>&nbsp;<\/p>\n<p>Marian\u00f3polis tamb\u00e9m foi palco do Agroforte. O evento contou com programa\u00e7\u00e3o voltada para produtores rurais, jovens e mulheres do Agro. Temas como Cr\u00e9dito rural, uso seguro da rede el\u00e9trica rural, gripe avi\u00e1ria foram debatidos no evento. O programa conta com o apoio do Ministerio da Agricultura e Pecu\u00e1ria (MAPA) (Termo de fomento 956148-2024)<\/p>\n<p>&nbsp;<\/p>\n<p><img fetchpriority=\"high\" decoding=\"async\" class=\"alignnone wp-image-3350 size-large\" src=\"https:\/\/sistemafaetsenar.org.br\/faet\/wp-content\/uploads\/2025\/06\/WhatsApp-Image-2025-06-13-at-10.37.53-1-1024x768.jpeg\" alt=\"\" width=\"780\" height=\"585\" srcset=\"https:\/\/sistemafaetsenar.org.br\/faet\/wp-content\/uploads\/2025\/06\/WhatsApp-Image-2025-06-13-at-10.37.53-1-1024x768.jpeg 1024w, https:\/\/sistemafaetsenar.org.br\/faet\/wp-content\/uploads\/2025\/06\/WhatsApp-Image-2025-06-13-at-10.37.53-1-300x225.jpeg 300w, https:\/\/sistemafaetsenar.org.br\/faet\/wp-content\/uploads\/2025\/06\/WhatsApp-Image-2025-06-13-at-10.37.53-1.jpeg 1600w\" sizes=\"(max-width: 780px) 100vw, 780px\" \/><\/p>\n<p>&nbsp;<\/p>\n<p>O presidente do Sistema FAET\/Senar, Paulo Carneiro, refor\u00e7ou: <em>\u201cO Sistema FAET\/Senar est\u00e1 presente em todas as feiras. Neste ano, estamos trabalhando intensamente para levar conhecimento ao nosso produtor rural por meio de oficinas, palestras e cursos. O aprendizado \u00e9 algo que ningu\u00e9m pode tirar dele.<\/em>\u201d<\/p>\n<p>&nbsp;<\/p>\n<p><img decoding=\"async\" class=\"alignnone wp-image-3274\" src=\"https:\/\/sistemafaetsenar.org.br\/faet\/wp-content\/uploads\/2025\/06\/WhatsApp-Image-2025-06-02-at-11.41.19-3-300x169.jpeg\" alt=\"\" width=\"975\" height=\"549\" srcset=\"https:\/\/sistemafaetsenar.org.br\/faet\/wp-content\/uploads\/2025\/06\/WhatsApp-Image-2025-06-02-at-11.41.19-3-300x169.jpeg 300w, https:\/\/sistemafaetsenar.org.br\/faet\/wp-content\/uploads\/2025\/06\/WhatsApp-Image-2025-06-02-at-11.41.19-3-1024x577.jpeg 1024w, https:\/\/sistemafaetsenar.org.br\/faet\/wp-content\/uploads\/2025\/06\/WhatsApp-Image-2025-06-02-at-11.41.19-3.jpeg 1280w\" sizes=\"(max-width: 975px) 100vw, 975px\" \/><\/p>\n<p>&nbsp;<\/p>\n<p>A 23\u00b0 Exposi\u00e7\u00e3o Agropecu\u00e1ria de Marian\u00f3polis \u00e9 fruto da parceria entre o Sindicato Rural de Marian\u00f3polis e o Sistema FAET\/Senar\/Sindicatos, com apoio da Secretaria Estadual da Ind\u00fastria, Com\u00e9rcio e Servi\u00e7os, Secretaria Estadual do Turismo, Conselho de Desenvolvimento Econ\u00f4mico (CDE), Programa de Impulsionamento da Ind\u00fastria, Com\u00e9rcio e Servi\u00e7os (PICS) e do Governo do Tocantins.<\/p>\n<p>&nbsp;<\/p>\n<p>&nbsp;<\/p>\n","protected":false},"excerpt":{"rendered":"<p>\u201cA nossa 23\u00aa Expoagro foi um sucesso em mat\u00e9ria de p\u00fablico. Tivemos uma semana repleta de programa\u00e7\u00f5es, com muita difus\u00e3o de conhecimento para produtores, jovens e mulheres do agro.\u201d Declarou Darci D\u00e1rio, presidente de sindicato rural de Marian\u00f3polis sobre a 23\u00b0 edi\u00e7\u00e3o da Exposi\u00e7\u00e3o Agropecu\u00e1ria de Marian\u00f3polis. &nbsp; O evento foi esperado por produtores rurais, [&hellip;]<\/p>\n","protected":false},"author":7,"featured_media":3273,"comment_status":"open","ping_status":"open","sticky":false,"template":"","format":"standard","meta":{"kia_subtitle":"","footnotes":""},"categories":[1],"tags":[],"class_list":["post-3272","post","type-post","status-publish","format-standard","has-post-thumbnail","hentry","category-blog"],"_links":{"self":[{"href":"https:\/\/sistemafaetsenar.org.br\/faet\/wp-json\/wp\/v2\/posts\/3272"}],"collection":[{"href":"https:\/\/sistemafaetsenar.org.br\/faet\/wp-json\/wp\/v2\/posts"}],"about":[{"href":"https:\/\/sistemafaetsenar.org.br\/faet\/wp-json\/wp\/v2\/types\/post"}],"author":[{"embeddable":true,"href":"https:\/\/sistemafaetsenar.org.br\/faet\/wp-json\/wp\/v2\/users\/7"}],"replies":[{"embeddable":true,"href":"https:\/\/sistemafaetsenar.org.br\/faet\/wp-json\/wp\/v2\/comments?post=3272"}],"version-history":[{"count":0,"href":"https:\/\/sistemafaetsenar.org.br\/faet\/wp-json\/wp\/v2\/posts\/3272\/revisions"}],"wp:featuredmedia":[{"embeddable":true,"href":"https:\/\/sistemafaetsenar.org.br\/faet\/wp-json\/wp\/v2\/media\/3273"}],"wp:attachment":[{"href":"https:\/\/sistemafaetsenar.org.br\/faet\/wp-json\/wp\/v2\/media?parent=3272"}],"wp:term":[{"taxonomy":"category","embeddable":true,"href":"https:\/\/sistemafaetsenar.org.br\/faet\/wp-json\/wp\/v2\/categories?post=3272"},{"taxonomy":"post_tag","embeddable":true,"href":"https:\/\/sistemafaetsenar.org.br\/faet\/wp-json\/wp\/v2\/tags?post=3272"}],"curies":[{"name":"wp","href":"https:\/\/api.w.org\/{rel}","templated":true}]}}