{"id":3258,"date":"2025-05-31T15:19:55","date_gmt":"2025-05-31T18:19:55","guid":{"rendered":"https:\/\/sistemafaetsenar.org.br\/faet\/?p=3258"},"modified":"2025-06-05T16:01:08","modified_gmt":"2025-06-05T19:01:08","slug":"parceria-entre-sistema-faet-senar-e-sindicato-rural-fortalece-feira-agropecuaria-em-barrolandia","status":"publish","type":"post","link":"https:\/\/sistemafaetsenar.org.br\/faet\/parceria-entre-sistema-faet-senar-e-sindicato-rural-fortalece-feira-agropecuaria-em-barrolandia\/","title":{"rendered":"Parceria entre Sistema FAET\/Senar e Sindicato Rural fortalece feira agropecu\u00e1ria em Barrol\u00e2ndia"},"content":{"rendered":"<p>Durante oito dias de programa\u00e7\u00e3o, a feira atrai visitantes de v\u00e1rias regi\u00f5es e fortalece o agroneg\u00f3cio local. Com expectativa de p\u00fablico entre 30 e 40 mil pessoas, a Exposi\u00e7\u00e3o Agropecu\u00e1ria de Barrol\u00e2ndia conta com shows, exposi\u00e7\u00e3o de animais, apresenta\u00e7\u00e3o de maquin\u00e1rios e uma movimenta\u00e7\u00e3o financeira estimada em torno de R$ 4 milh\u00f5es em neg\u00f3cios.<\/p>\n<p>&nbsp;<\/p>\n<p>Na noite de abertura, o evento reuniu moradores de diversos munic\u00edpios vizinhos, como Caseara, Para\u00edso, Miranorte, Palmas e at\u00e9 Divin\u00f3polis. Al\u00e9m da programa\u00e7\u00e3o tradicional, o Sistema FAET\/Senar realizou cursos de panifica\u00e7\u00e3o e derivados do leite com produtoras da regi\u00e3o de Barrol\u00e2ndia, que puderam expor seus produtos em uma esp\u00e9cie de emp\u00f3rio montado no local, com destaque para p\u00e3es artesanais, doces, queijos, farinha de pequi, entre outros.<\/p>\n<p>&nbsp;<\/p>\n<p><img fetchpriority=\"high\" decoding=\"async\" class=\"alignnone wp-image-3265\" src=\"https:\/\/sistemafaetsenar.org.br\/faet\/wp-content\/uploads\/2025\/05\/WhatsApp-Image-2025-05-31-at-13.25.43-300x169.jpeg\" alt=\"\" width=\"776\" height=\"437\" srcset=\"https:\/\/sistemafaetsenar.org.br\/faet\/wp-content\/uploads\/2025\/05\/WhatsApp-Image-2025-05-31-at-13.25.43-300x169.jpeg 300w, https:\/\/sistemafaetsenar.org.br\/faet\/wp-content\/uploads\/2025\/05\/WhatsApp-Image-2025-05-31-at-13.25.43-1024x576.jpeg 1024w, https:\/\/sistemafaetsenar.org.br\/faet\/wp-content\/uploads\/2025\/05\/WhatsApp-Image-2025-05-31-at-13.25.43.jpeg 1599w\" sizes=\"(max-width: 776px) 100vw, 776px\" \/><\/p>\n<p>&nbsp;<\/p>\n<p>Zelma Moreira, mobilizadora do Senar, destacou o impacto positivo da capacita\u00e7\u00e3o na vida das produtoras:\u201cElas come\u00e7aram a aperfei\u00e7oar aquilo que j\u00e1 sabiam, mas agora com outro objetivo: a comercializa\u00e7\u00e3o. \u00c9 um fruto que o Senar deixa na vida dessas mulheres, trabalhar a autoestima da mulher do campo e dar a oportunidade dela ganhar o seu pr\u00f3prio dinheiro,\u201d afirmou.<\/p>\n<p>&nbsp;<\/p>\n<p><img decoding=\"async\" class=\"alignnone wp-image-3263\" src=\"https:\/\/sistemafaetsenar.org.br\/faet\/wp-content\/uploads\/2025\/05\/WhatsApp-Image-2025-05-31-at-13.25.52-300x169.jpeg\" alt=\"\" width=\"781\" height=\"440\" srcset=\"https:\/\/sistemafaetsenar.org.br\/faet\/wp-content\/uploads\/2025\/05\/WhatsApp-Image-2025-05-31-at-13.25.52-300x169.jpeg 300w, https:\/\/sistemafaetsenar.org.br\/faet\/wp-content\/uploads\/2025\/05\/WhatsApp-Image-2025-05-31-at-13.25.52-1024x576.jpeg 1024w, https:\/\/sistemafaetsenar.org.br\/faet\/wp-content\/uploads\/2025\/05\/WhatsApp-Image-2025-05-31-at-13.25.52.jpeg 1600w\" sizes=\"(max-width: 781px) 100vw, 781px\" \/><\/p>\n<p>&nbsp;<\/p>\n<p>O presidente do Sindicato Rural de Barrol\u00e2ndia, Cleyton Marinho, tamb\u00e9m falou sobre essa parceria: \u201c\u00c9 com muita alegria que realizamos esse evento. Temos essa parceria muito forte com o Senar em Barrol\u00e2ndia e por isso somos capazes de realizar essa exposi\u00e7\u00e3o agropecu\u00e1ria,\u201d destacou.<\/p>\n<p>&nbsp;<\/p>\n<p>\u201c\u00c9 um evento grande pra uma cidade pequena, aquece o com\u00e9rcio local, hotel, supermercado. \u00c9 muito importante esse evento,\u201d afirmou Jo\u00e3o Machado Alves, o prefeito do munic\u00edpio.<\/p>\n<p>&nbsp;<\/p>\n<p>J\u00e1 o deputado federal Carlos Gaguim elogiou o trabalho do Sistema FAET\/Senar no Tocantins.<br \/>\n\u201cParabenizo a FAET em nome do Paulo Carneiro pela seriedade desse bel\u00edssimo trabalho que ele vem realizando, melhorando a qualidade das feiras do Tocantins,\u201d declarou.<\/p>\n<p>&nbsp;<\/p>\n<p>O presidente do Sistema FAET\/Senar, Paulo Carneiro, ressaltou o papel da institui\u00e7\u00e3o na forma\u00e7\u00e3o e no apoio aos produtores: \u201cEstamos aqui porque somos parceiros. Trouxemos curso, trouxemos conhecimento ao produtor. O Sistema FAET\/Senar est\u00e1 aqui para apoiar,\u201d pontuou.<\/p>\n<p>&nbsp;<\/p>\n<p><img decoding=\"async\" class=\"alignnone wp-image-3268\" src=\"https:\/\/sistemafaetsenar.org.br\/faet\/wp-content\/uploads\/2025\/05\/WhatsApp-Image-2025-05-31-at-13.25.41-300x169.jpeg\" alt=\"\" width=\"807\" height=\"454\" srcset=\"https:\/\/sistemafaetsenar.org.br\/faet\/wp-content\/uploads\/2025\/05\/WhatsApp-Image-2025-05-31-at-13.25.41-300x169.jpeg 300w, https:\/\/sistemafaetsenar.org.br\/faet\/wp-content\/uploads\/2025\/05\/WhatsApp-Image-2025-05-31-at-13.25.41-1024x576.jpeg 1024w, https:\/\/sistemafaetsenar.org.br\/faet\/wp-content\/uploads\/2025\/05\/WhatsApp-Image-2025-05-31-at-13.25.41.jpeg 1599w\" sizes=\"(max-width: 807px) 100vw, 807px\" \/><\/p>\n<p>&nbsp;<\/p>\n<p>A XXIII Exposi\u00e7\u00e3o Agropecu\u00e1ria de Barrol\u00e2ndia \u00e9 fruto da parceria entre o Sindicato Rural de Barrol\u00e2ndia e o Sistema FAET\/Senar\/Sindicatos, com apoio da Secretaria Estadual da Ind\u00fastria, Com\u00e9rcio e Servi\u00e7os, Secretaria Estadual do Turismo, Conselho de Desenvolvimento Econ\u00f4mico (CDE), Programa de Impulsionamento da Ind\u00fastria, Com\u00e9rcio e Servi\u00e7os (PICS) e do Governo do Tocantins.<\/p>\n<p>&nbsp;<\/p>\n","protected":false},"excerpt":{"rendered":"<p>Durante oito dias de programa\u00e7\u00e3o, a feira atrai visitantes de v\u00e1rias regi\u00f5es e fortalece o agroneg\u00f3cio local. Com expectativa de p\u00fablico entre 30 e 40 mil pessoas, a Exposi\u00e7\u00e3o Agropecu\u00e1ria de Barrol\u00e2ndia conta com shows, exposi\u00e7\u00e3o de animais, apresenta\u00e7\u00e3o de maquin\u00e1rios e uma movimenta\u00e7\u00e3o financeira estimada em torno de R$ 4 milh\u00f5es em neg\u00f3cios. &nbsp; [&hellip;]<\/p>\n","protected":false},"author":7,"featured_media":3259,"comment_status":"open","ping_status":"open","sticky":false,"template":"","format":"standard","meta":{"kia_subtitle":"","footnotes":""},"categories":[1],"tags":[],"class_list":["post-3258","post","type-post","status-publish","format-standard","has-post-thumbnail","hentry","category-blog"],"_links":{"self":[{"href":"https:\/\/sistemafaetsenar.org.br\/faet\/wp-json\/wp\/v2\/posts\/3258"}],"collection":[{"href":"https:\/\/sistemafaetsenar.org.br\/faet\/wp-json\/wp\/v2\/posts"}],"about":[{"href":"https:\/\/sistemafaetsenar.org.br\/faet\/wp-json\/wp\/v2\/types\/post"}],"author":[{"embeddable":true,"href":"https:\/\/sistemafaetsenar.org.br\/faet\/wp-json\/wp\/v2\/users\/7"}],"replies":[{"embeddable":true,"href":"https:\/\/sistemafaetsenar.org.br\/faet\/wp-json\/wp\/v2\/comments?post=3258"}],"version-history":[{"count":0,"href":"https:\/\/sistemafaetsenar.org.br\/faet\/wp-json\/wp\/v2\/posts\/3258\/revisions"}],"wp:featuredmedia":[{"embeddable":true,"href":"https:\/\/sistemafaetsenar.org.br\/faet\/wp-json\/wp\/v2\/media\/3259"}],"wp:attachment":[{"href":"https:\/\/sistemafaetsenar.org.br\/faet\/wp-json\/wp\/v2\/media?parent=3258"}],"wp:term":[{"taxonomy":"category","embeddable":true,"href":"https:\/\/sistemafaetsenar.org.br\/faet\/wp-json\/wp\/v2\/categories?post=3258"},{"taxonomy":"post_tag","embeddable":true,"href":"https:\/\/sistemafaetsenar.org.br\/faet\/wp-json\/wp\/v2\/tags?post=3258"}],"curies":[{"name":"wp","href":"https:\/\/api.w.org\/{rel}","templated":true}]}}