{"id":3236,"date":"2025-05-29T13:27:34","date_gmt":"2025-05-29T16:27:34","guid":{"rendered":"https:\/\/sistemafaetsenar.org.br\/faet\/?p=3236"},"modified":"2025-05-29T14:06:07","modified_gmt":"2025-05-29T17:06:07","slug":"caio-coppolla-critica-governo-e-stf-durante-palestra-na-expogurupi","status":"publish","type":"post","link":"https:\/\/sistemafaetsenar.org.br\/faet\/caio-coppolla-critica-governo-e-stf-durante-palestra-na-expogurupi\/","title":{"rendered":"Caio Coppolla critica governo e STF durante palestra na ExpoGurupi"},"content":{"rendered":"<p>Durante participa\u00e7\u00e3o na ExpoGurupi, o comentarista pol\u00edtico Caio Coppolla fez duras cr\u00edticas ao atual governo federal, ao Supremo Tribunal Federal (STF) e ao sistema pol\u00edtico brasileiro.<\/p>\n<p>&nbsp;<\/p>\n<p>Segundo ele, o Brasil \u00e9 &#8220;um pa\u00eds fadado ao sucesso&#8221;, mas enfrenta entraves institucionais e ideol\u00f3gicos que dificultam seu avan\u00e7o.<\/p>\n<p>&nbsp;<\/p>\n<p>Coppolla afirmou que o STF adota o progressismo, oposto ao conservadorismo, e \u00e9 elitista, quando se acha no direito de intervir quando julga que as institui\u00e7\u00f5es n\u00e3o cumprem seu papel de forma adequada.<\/p>\n<p>&nbsp;<\/p>\n<p>Ele tamb\u00e9m acusou partidos como o PSOL de atuarem como &#8220;bra\u00e7os pol\u00edticos&#8221; do Judici\u00e1rio e do Executivo. E citou o recente caso da a\u00e7\u00e3o do partido que barrou as obras da ferrovia \u201cFerrogr\u00e3o\u201d de Mato Agro ao Par\u00e1.<\/p>\n<p>&nbsp;<\/p>\n<p>O comentarista destacou o protagonismo do agroneg\u00f3cio, que, segundo ele, representa a elite org\u00e2nica da sociedade, que desperta &#8220;inveja da esquerda&#8221; por conta do sucesso que conquistou no neg\u00f3cios.<\/p>\n<p>&nbsp;<\/p>\n<p>Ainda criticou o sistema eleitoral, que considera desequilibrado por favorecer parlamentares com acesso a altos volumes de emendas \u2014 cerca de R$ 45 milh\u00f5es anuais, fora as iniciativas coletivas \u2014 o que, em sua vis\u00e3o, dificulta a renova\u00e7\u00e3o pol\u00edtica.<\/p>\n<p>&nbsp;<\/p>\n<p>Coppolla tamb\u00e9m abordou quest\u00f5es econ\u00f4micas. Citou o aumento da arrecada\u00e7\u00e3o do governo, que superou a infla\u00e7\u00e3o, sem que a popula\u00e7\u00e3o percebesse melhorias, apesar do aumento de gastos do governo.<\/p>\n<p>&nbsp;<\/p>\n<figure id=\"attachment_5247\" aria-describedby=\"caption-attachment-5247\" style=\"width: 300px\" class=\"wp-caption aligncenter\"><img fetchpriority=\"high\" decoding=\"async\" class=\"size-medium wp-image-5247\" src=\"https:\/\/sistemafaetsenar.org.br\/wp-content\/uploads\/2025\/05\/WhatsApp-Image-2025-05-29-at-12.00.07-300x225.jpeg\" alt=\"\" width=\"300\" height=\"225\" \/><figcaption id=\"caption-attachment-5247\" class=\"wp-caption-text\">ExpoGurupi 2025 atraiu produtores e comunidade para ouvir o comentarista pol\u00edtico Caio Coppolla\/Imagem: Divulga\u00e7\u00e3o<\/figcaption><\/figure>\n<p>&nbsp;<\/p>\n<p>Alertou para o risco iminente de um colapso fiscal em 2027, com o pr\u00f3ximo governo possivelmente incapaz de honrar compromissos b\u00e1sicos.<\/p>\n<p>&nbsp;<\/p>\n<p>\u201cIndependente de quem ganhar, o pr\u00f3ximo presidente ter\u00e1 que tomar medidas duras e impopulares\u201d, disse. Para ele, deve faltar dinheiro at\u00e9 pra pagar o funcionalismo.<\/p>\n<p>&nbsp;<\/p>\n<p>Segundo o comentarista, o governo atual prioriza o consumo em detrimento da prosperidade e estimula o endividamento, citando como exemplo o uso de recursos do FGTS e a facilidade que foi usar recursos do bolsa-fam\u00edlia em apostas esportivas (Bets) e jogos online (tigrinhos).<\/p>\n<p>&nbsp;<\/p>\n<p>Defensor do mercado e cr\u00edtico do intervencionismo estatal, Coppolla reiterou a necessidade de reformas estruturais e mencionou ideias de Milton Friedman, Nobel de Economia, e Paulo Guedes, ex-ministro da Economia, como caminhos para o progresso: &#8220;desindexa\u00e7\u00e3o, desonera\u00e7\u00e3o e desvincula\u00e7\u00e3o&#8221;.<\/p>\n<p>&nbsp;<\/p>\n<p>Para ele, crises s\u00e3o oportunidades de transforma\u00e7\u00e3o, e o Brasil &#8220;avan\u00e7ar\u00e1 mesmo dando um passo atr\u00e1s como agora&#8221;.<\/p>\n<p>&nbsp;<\/p>\n<p>Coppolla tamb\u00e9m comentou sobre uma mudan\u00e7a no pensamento pol\u00edtico da popula\u00e7\u00e3o. Segundo ele, pesquisas apontam que a maioria dos brasileiros hoje se identifica com a direita, e o trabalhador j\u00e1 n\u00e3o se sente representado pelo lulopetismo.<\/p>\n<p>&nbsp;<\/p>\n<p>Ele afirmou que a internet tem promovido uma liberdade de pensamento que incomoda o sistema tradicional de m\u00eddia e poder. E nas pr\u00f3ximas elei\u00e7\u00f5es isso ser\u00e1 mais percebido.<\/p>\n<p>&nbsp;<\/p>\n<p>At\u00e9 l\u00e1, recomendou ao produtor rural: \u201ccontinue fazendo a sua parte da porteira pra dentro e esteja pronto pra agir da porteira pra fora quando chegar a hora certa\u201d.<\/p>\n","protected":false},"excerpt":{"rendered":"<p>Durante participa\u00e7\u00e3o na ExpoGurupi, o comentarista pol\u00edtico Caio Coppolla fez duras cr\u00edticas ao atual governo federal, ao Supremo Tribunal Federal (STF) e ao sistema pol\u00edtico brasileiro. &nbsp; Segundo ele, o Brasil \u00e9 &#8220;um pa\u00eds fadado ao sucesso&#8221;, mas enfrenta entraves institucionais e ideol\u00f3gicos que dificultam seu avan\u00e7o. &nbsp; Coppolla afirmou que o STF adota o [&hellip;]<\/p>\n","protected":false},"author":7,"featured_media":3237,"comment_status":"open","ping_status":"open","sticky":false,"template":"","format":"standard","meta":{"kia_subtitle":"","footnotes":""},"categories":[16,26],"tags":[124,123],"class_list":["post-3236","post","type-post","status-publish","format-standard","has-post-thumbnail","hentry","category-feiras-e-eventos","category-noticia-principal","tag-caiocoppolla","tag-expogurupi"],"_links":{"self":[{"href":"https:\/\/sistemafaetsenar.org.br\/faet\/wp-json\/wp\/v2\/posts\/3236"}],"collection":[{"href":"https:\/\/sistemafaetsenar.org.br\/faet\/wp-json\/wp\/v2\/posts"}],"about":[{"href":"https:\/\/sistemafaetsenar.org.br\/faet\/wp-json\/wp\/v2\/types\/post"}],"author":[{"embeddable":true,"href":"https:\/\/sistemafaetsenar.org.br\/faet\/wp-json\/wp\/v2\/users\/7"}],"replies":[{"embeddable":true,"href":"https:\/\/sistemafaetsenar.org.br\/faet\/wp-json\/wp\/v2\/comments?post=3236"}],"version-history":[{"count":0,"href":"https:\/\/sistemafaetsenar.org.br\/faet\/wp-json\/wp\/v2\/posts\/3236\/revisions"}],"wp:featuredmedia":[{"embeddable":true,"href":"https:\/\/sistemafaetsenar.org.br\/faet\/wp-json\/wp\/v2\/media\/3237"}],"wp:attachment":[{"href":"https:\/\/sistemafaetsenar.org.br\/faet\/wp-json\/wp\/v2\/media?parent=3236"}],"wp:term":[{"taxonomy":"category","embeddable":true,"href":"https:\/\/sistemafaetsenar.org.br\/faet\/wp-json\/wp\/v2\/categories?post=3236"},{"taxonomy":"post_tag","embeddable":true,"href":"https:\/\/sistemafaetsenar.org.br\/faet\/wp-json\/wp\/v2\/tags?post=3236"}],"curies":[{"name":"wp","href":"https:\/\/api.w.org\/{rel}","templated":true}]}}