{"id":3230,"date":"2025-05-28T18:09:13","date_gmt":"2025-05-28T21:09:13","guid":{"rendered":"https:\/\/sistemafaetsenar.org.br\/faet\/?p=3230"},"modified":"2025-06-04T17:01:30","modified_gmt":"2025-06-04T20:01:30","slug":"agroforte-gurupi-destaca-a-realidade-do-setor-agropecuario-e-desmistifica-mitos","status":"publish","type":"post","link":"https:\/\/sistemafaetsenar.org.br\/faet\/agroforte-gurupi-destaca-a-realidade-do-setor-agropecuario-e-desmistifica-mitos\/","title":{"rendered":"Agroforte Gurupi destaca a realidade do setor agropecu\u00e1rio e desmistifica mitos"},"content":{"rendered":"<p>A edi\u00e7\u00e3o do <strong>Agroforte em Gurupi<\/strong>, como parte da programa\u00e7\u00e3o da<strong> 50a Exposi\u00e7\u00e3o Agropecu\u00e1ria<\/strong> do munic\u00edpio foi aberta com uma discuss\u00e3o sobre as perspectivas da pecu\u00e1ria brasileira e no Tocantins.<\/p>\n<p>&nbsp;<\/p>\n<p>&nbsp;<\/p>\n<p>At\u00e9 s\u00e1bado, ser\u00e3o realizadas palestras e pain\u00e9is sobre temas variados para discutir os desafios do setor e os enfrentamentos necess\u00e1rios, destacou o presidente do Sindicato Rural de Gurupi, Jo\u00e3o Vitor Stival.<\/p>\n<p>&nbsp;<\/p>\n<p>&nbsp;<\/p>\n<p>No primeiro dia o agr\u00f4nomo e consultor em agroneg\u00f3cio Mauricio Nogueira, coordenador do Rally da Pecu\u00e1ria, trouxe uma an\u00e1lise sobre o cen\u00e1rio atual do setor.<\/p>\n<p>&nbsp;<\/p>\n<p>&nbsp;<\/p>\n<p>Ele refor\u00e7ou que muitas das percep\u00e7\u00f5es de que tudo que acontece na agropecu\u00e1ria \u00e9 fruto de teorias conspirat\u00f3rias n\u00e3o condizem com a realidade.<\/p>\n<p>&nbsp;<\/p>\n<p>&nbsp;<\/p>\n<p>Segundo Nogueira, o mercado est\u00e1 seguindo seu fluxo normal e que o produtor precisa se ajustar aos novos tempos da atividade.<\/p>\n<p>&nbsp;<\/p>\n<p>&nbsp;<\/p>\n<p>Ele tamb\u00e9m destacou um fen\u00f4meno preocupante: a concentra\u00e7\u00e3o no setor. De cada 10 pecuaristas, 9 est\u00e3o enfrentando preju\u00edzos, mesmo com o mercado em alta e os pre\u00e7os surpreendendo positivamente.<\/p>\n<p>&nbsp;<\/p>\n<p>&nbsp;<\/p>\n<p>Segundo ele, uns poucos est\u00e3o lucrando e j\u00e1 dominam 80% dos neg\u00f3cios enquanto que a maioria est\u00e1 tendo preju\u00edzo mesmo com o mercado em alta.<\/p>\n<p>&nbsp;<\/p>\n<p>&nbsp;<\/p>\n<p>Para Mauricio Nogueira \u00e9 preciso compreender o mercado e seus fluxos e buscar estrat\u00e9gias que possam beneficiar toda a cadeia produtiva, promovendo um desenvolvimento mais equilibrado e sustent\u00e1vel. \u201cEsse fen\u00f4meno j\u00e1 aconteceu em outras atividades, mas pecu\u00e1ria tem um ciclo bem mais lento\u201d.<\/p>\n<p>&nbsp;<\/p>\n<p>&nbsp;<\/p>\n<p>Para o consultor, o setor est\u00e1 em plena evolu\u00e7\u00e3o no Brasil, que \u00e9 l\u00edder mundial e que conseguiu triplicar a produ\u00e7\u00e3o mesmo com a redu\u00e7\u00e3o das \u00e1reas de pastagem.<\/p>\n<p>&nbsp;<\/p>\n<p>&nbsp;<\/p>\n<p>O Agroforte Gurupi tamb\u00e9m contou com uma palestra do assessor t\u00e9cnico da FAET, Luiz Cl\u00e1udio Faria, que falou sobre a atua\u00e7\u00e3o do sistema CNA e federa\u00e7\u00f5es na defesa dos interesses do produtor rural.<\/p>\n<p>&nbsp;<\/p>\n<figure id=\"attachment_3233\" aria-describedby=\"caption-attachment-3233\" style=\"width: 225px\" class=\"wp-caption aligncenter\"><img fetchpriority=\"high\" decoding=\"async\" class=\"wp-image-3233 size-medium\" src=\"https:\/\/sistemafaetsenar.org.br\/faet\/wp-content\/uploads\/2025\/05\/WhatsApp-Image-2025-05-28-at-17.42.39-1-1-225x300.jpeg\" alt=\"\" width=\"225\" height=\"300\" srcset=\"https:\/\/sistemafaetsenar.org.br\/faet\/wp-content\/uploads\/2025\/05\/WhatsApp-Image-2025-05-28-at-17.42.39-1-1-225x300.jpeg 225w, https:\/\/sistemafaetsenar.org.br\/faet\/wp-content\/uploads\/2025\/05\/WhatsApp-Image-2025-05-28-at-17.42.39-1-1-768x1024.jpeg 768w, https:\/\/sistemafaetsenar.org.br\/faet\/wp-content\/uploads\/2025\/05\/WhatsApp-Image-2025-05-28-at-17.42.39-1-1.jpeg 960w\" sizes=\"(max-width: 225px) 100vw, 225px\" \/><figcaption id=\"caption-attachment-3233\" class=\"wp-caption-text\">Assessor t\u00e9cnico da FAET, Luiz Cl\u00e1udio Faria debate sobre liberdade do produtor rural e o papel do Sistema\/Imagem: Divulga\u00e7\u00e3o<\/figcaption><\/figure>\n<p>&nbsp;<\/p>\n<p>&nbsp;<\/p>\n<p>Ele mostrou quais as principais frentes de atua\u00e7\u00e3o do sistema, tanto regionalmente como nacionalmente e destacou que o foco tem sido garantir que o produtor possa exercer sua atividade sem obst\u00e1culos impostos por legisla\u00e7\u00f5es que inibem ou onerem a atividade produtiva.<\/p>\n<p>&nbsp;<\/p>\n<p>&nbsp;<\/p>\n<p>O AGROFORTE \u00e9 uma iniciativa do Sistema FAET\/Senar\/Sindicatos em parceria com o Sindicato Rural de Gurupi, Minist\u00e9rio da Agricultura e Pecu\u00e1ria (Mapa) \u00a0e Governo Federal. Termo de fomento 956148\/2024 MAPA\/FAET.<\/p>\n","protected":false},"excerpt":{"rendered":"<p>A edi\u00e7\u00e3o do Agroforte em Gurupi, como parte da programa\u00e7\u00e3o da 50a Exposi\u00e7\u00e3o Agropecu\u00e1ria do munic\u00edpio foi aberta com uma discuss\u00e3o sobre as perspectivas da pecu\u00e1ria brasileira e no Tocantins. &nbsp; &nbsp; At\u00e9 s\u00e1bado, ser\u00e3o realizadas palestras e pain\u00e9is sobre temas variados para discutir os desafios do setor e os enfrentamentos necess\u00e1rios, destacou o presidente [&hellip;]<\/p>\n","protected":false},"author":7,"featured_media":3232,"comment_status":"open","ping_status":"open","sticky":false,"template":"","format":"standard","meta":{"kia_subtitle":"","footnotes":""},"categories":[16,26],"tags":[],"class_list":["post-3230","post","type-post","status-publish","format-standard","has-post-thumbnail","hentry","category-feiras-e-eventos","category-noticia-principal"],"_links":{"self":[{"href":"https:\/\/sistemafaetsenar.org.br\/faet\/wp-json\/wp\/v2\/posts\/3230"}],"collection":[{"href":"https:\/\/sistemafaetsenar.org.br\/faet\/wp-json\/wp\/v2\/posts"}],"about":[{"href":"https:\/\/sistemafaetsenar.org.br\/faet\/wp-json\/wp\/v2\/types\/post"}],"author":[{"embeddable":true,"href":"https:\/\/sistemafaetsenar.org.br\/faet\/wp-json\/wp\/v2\/users\/7"}],"replies":[{"embeddable":true,"href":"https:\/\/sistemafaetsenar.org.br\/faet\/wp-json\/wp\/v2\/comments?post=3230"}],"version-history":[{"count":0,"href":"https:\/\/sistemafaetsenar.org.br\/faet\/wp-json\/wp\/v2\/posts\/3230\/revisions"}],"wp:featuredmedia":[{"embeddable":true,"href":"https:\/\/sistemafaetsenar.org.br\/faet\/wp-json\/wp\/v2\/media\/3232"}],"wp:attachment":[{"href":"https:\/\/sistemafaetsenar.org.br\/faet\/wp-json\/wp\/v2\/media?parent=3230"}],"wp:term":[{"taxonomy":"category","embeddable":true,"href":"https:\/\/sistemafaetsenar.org.br\/faet\/wp-json\/wp\/v2\/categories?post=3230"},{"taxonomy":"post_tag","embeddable":true,"href":"https:\/\/sistemafaetsenar.org.br\/faet\/wp-json\/wp\/v2\/tags?post=3230"}],"curies":[{"name":"wp","href":"https:\/\/api.w.org\/{rel}","templated":true}]}}