{"id":3220,"date":"2025-05-28T15:16:08","date_gmt":"2025-05-28T18:16:08","guid":{"rendered":"https:\/\/sistemafaetsenar.org.br\/faet\/?p=3220"},"modified":"2025-05-29T08:53:04","modified_gmt":"2025-05-29T11:53:04","slug":"nota-da-faet-sobre-o-aumento-do-iof","status":"publish","type":"post","link":"https:\/\/sistemafaetsenar.org.br\/faet\/nota-da-faet-sobre-o-aumento-do-iof\/","title":{"rendered":"Nota da FAET sobre o Aumento do IOF"},"content":{"rendered":"<p>A Federa\u00e7\u00e3o da Agricultura e Pecu\u00e1ria do Estado do Tocantins (FAET), manifesta preocupa\u00e7\u00e3o com o recente aumento das al\u00edquotas do Imposto sobre Opera\u00e7\u00f5es Financeiras (IOF), anunciado pelo Governo Federal. A medida eleva significativamente os custos de cr\u00e9dito, c\u00e2mbio e seguros, impactando diretamente o setor produtivo tocantinense e no cen\u00e1rio econ\u00f4mico nacional.<\/p>\n<p>&nbsp;<\/p>\n<p>&nbsp;<\/p>\n<p>Estimativas indicam que, apenas em 2025, os custos adicionais para empresas e neg\u00f3cios podem alcan\u00e7ar R$ 19,5 bilh\u00f5es, com proje\u00e7\u00e3o de R$ 39 bilh\u00f5es em 2026. Vale ressaltar que o IOF, originalmente concebido como um instrumento regulat\u00f3rio, vem sendo utilizado com fins arrecadat\u00f3rios, o que compromete a previsibilidade econ\u00f4mica, seguran\u00e7a jur\u00eddica e a competitividade do setor agropecu\u00e1rio.<\/p>\n<p>&nbsp;<\/p>\n<p>&nbsp;<\/p>\n<p>Diante disso, a FAET, representada pela Confedera\u00e7\u00e3o da Agricultura e Pecu\u00e1ria do Brasil (CNA), apoia a solicita\u00e7\u00e3o ao Congresso Nacional em especial aos parlamentares tocantinenses para que adotem medidas para reavaliar e revogar as altera\u00e7\u00f5es promovidas no referido imposto.<\/p>\n<p>&nbsp;<\/p>\n<p>&nbsp;<\/p>\n<p>Desta forma a FAET est\u00e1 alinhada com solu\u00e7\u00f5es que garantam o equil\u00edbrio fiscal sem penalizar quem produz e contribui para o crescimento do Tocantins e de nosso Pa\u00eds.<\/p>\n<p>&nbsp;<\/p>\n<p>&nbsp;<\/p>\n<p><strong>Paulo Carneiro<\/strong><\/p>\n","protected":false},"excerpt":{"rendered":"<p>A Federa\u00e7\u00e3o da Agricultura e Pecu\u00e1ria do Estado do Tocantins (FAET), manifesta preocupa\u00e7\u00e3o com o recente aumento das al\u00edquotas do Imposto sobre Opera\u00e7\u00f5es Financeiras (IOF), anunciado pelo Governo Federal. A medida eleva significativamente os custos de cr\u00e9dito, c\u00e2mbio e seguros, impactando diretamente o setor produtivo tocantinense e no cen\u00e1rio econ\u00f4mico nacional. &nbsp; &nbsp; Estimativas indicam [&hellip;]<\/p>\n","protected":false},"author":3,"featured_media":3227,"comment_status":"open","ping_status":"open","sticky":false,"template":"","format":"standard","meta":{"kia_subtitle":"","footnotes":""},"categories":[26],"tags":[],"class_list":["post-3220","post","type-post","status-publish","format-standard","has-post-thumbnail","hentry","category-noticia-principal"],"_links":{"self":[{"href":"https:\/\/sistemafaetsenar.org.br\/faet\/wp-json\/wp\/v2\/posts\/3220"}],"collection":[{"href":"https:\/\/sistemafaetsenar.org.br\/faet\/wp-json\/wp\/v2\/posts"}],"about":[{"href":"https:\/\/sistemafaetsenar.org.br\/faet\/wp-json\/wp\/v2\/types\/post"}],"author":[{"embeddable":true,"href":"https:\/\/sistemafaetsenar.org.br\/faet\/wp-json\/wp\/v2\/users\/3"}],"replies":[{"embeddable":true,"href":"https:\/\/sistemafaetsenar.org.br\/faet\/wp-json\/wp\/v2\/comments?post=3220"}],"version-history":[{"count":0,"href":"https:\/\/sistemafaetsenar.org.br\/faet\/wp-json\/wp\/v2\/posts\/3220\/revisions"}],"wp:featuredmedia":[{"embeddable":true,"href":"https:\/\/sistemafaetsenar.org.br\/faet\/wp-json\/wp\/v2\/media\/3227"}],"wp:attachment":[{"href":"https:\/\/sistemafaetsenar.org.br\/faet\/wp-json\/wp\/v2\/media?parent=3220"}],"wp:term":[{"taxonomy":"category","embeddable":true,"href":"https:\/\/sistemafaetsenar.org.br\/faet\/wp-json\/wp\/v2\/categories?post=3220"},{"taxonomy":"post_tag","embeddable":true,"href":"https:\/\/sistemafaetsenar.org.br\/faet\/wp-json\/wp\/v2\/tags?post=3220"}],"curies":[{"name":"wp","href":"https:\/\/api.w.org\/{rel}","templated":true}]}}