{"id":3216,"date":"2025-05-28T14:27:19","date_gmt":"2025-05-28T17:27:19","guid":{"rendered":"https:\/\/sistemafaetsenar.org.br\/faet\/?p=3216"},"modified":"2025-05-28T14:27:19","modified_gmt":"2025-05-28T17:27:19","slug":"paraiso-do-tocantins-se-prepara-para-receber-a-41a-expoagro-e-a-28a-expobrasil-com-programacao-recheada-de-atracoes","status":"publish","type":"post","link":"https:\/\/sistemafaetsenar.org.br\/faet\/paraiso-do-tocantins-se-prepara-para-receber-a-41a-expoagro-e-a-28a-expobrasil-com-programacao-recheada-de-atracoes\/","title":{"rendered":"Para\u00edso do Tocantins se prepara para receber a 41\u00aa Expoagro e a 28\u00aa ExpoBrasil com programa\u00e7\u00e3o recheada de atra\u00e7\u00f5es"},"content":{"rendered":"<p><span style=\"font-weight: 400;\">A cidade de Para\u00edso do Tocantins se prepara para sediar, de <\/span><b>30 de maio a 8 de junho de 2025<\/b><span style=\"font-weight: 400;\">, a <\/span><b>41\u00aa Expoagro<\/b><span style=\"font-weight: 400;\"> e a <\/span><b>28\u00aa ExpoBrasil<\/b><span style=\"font-weight: 400;\">, eventos refer\u00eancia no calend\u00e1rio agropecu\u00e1rio do Tocantins. Organizada pelo <\/span><b>Sindicato Rural de Para\u00edso do Tocantins<\/b><span style=\"font-weight: 400;\">, com o apoio do <\/span><b>Sistema FAET\/Senar\/Sindicatos<\/b><span style=\"font-weight: 400;\">, a feira promete uma programa\u00e7\u00e3o diversificada, reunindo produtores, investidores e visitantes de todo o estado.<\/span><\/p>\n<p>&nbsp;<\/p>\n<p>&nbsp;<\/p>\n<p><span style=\"font-weight: 400;\">A <\/span><b>abertura oficial<\/b><span style=\"font-weight: 400;\"> est\u00e1 marcada para o <\/span><b>dia 4 de junho<\/b><span style=\"font-weight: 400;\">, com uma solenidade que contar\u00e1 com a presen\u00e7a de autoridades, lideran\u00e7as do setor agropecu\u00e1rio e representantes da sociedade civil. Antes disso, no <\/span><b>dia 1\u00ba de junho<\/b><span style=\"font-weight: 400;\">, acontece a tradicional <\/span><b>Cavalgada da Confraterniza\u00e7\u00e3o<\/b><span style=\"font-weight: 400;\">, percorrendo as principais ruas da cidade e reunindo <\/span><b>comitivas de cavaleiros e amazonas de v\u00e1rias regi\u00f5es do Tocantins<\/b><span style=\"font-weight: 400;\">.<\/span><\/p>\n<p>&nbsp;<\/p>\n<p><span style=\"font-weight: 400;\">Entre os momentos mais aguardados, est\u00e1 o retorno do<\/span><b> Rodeio a Cavalo<\/b><span style=\"font-weight: 400;\">, onde os melhores<\/span> <span style=\"font-weight: 400;\">montadores de Para\u00edso disputar\u00e3o pr\u00eamios em uma arena preparada especialmente para celebrar a tradi\u00e7\u00e3o da <\/span><b>Festa do Pe\u00e3o<\/b><span style=\"font-weight: 400;\">.<\/span><\/p>\n<p>&nbsp;<\/p>\n<p>&nbsp;<\/p>\n<p><span style=\"font-weight: 400;\">A programa\u00e7\u00e3o cultural e de entretenimento tamb\u00e9m ser\u00e1 destaque, com a realiza\u00e7\u00e3o do tradicional <\/span><b>Baile Country<\/b><span style=\"font-weight: 400;\">, evento de m\u00fasica sertaneja que antecede os <\/span><b>concorridos desfiles<\/b><span style=\"font-weight: 400;\"> que eleger\u00e3o a <\/span><b>Garota ExpoBrasil<\/b><span style=\"font-weight: 400;\">, <\/span><b>Garota Country<\/b><span style=\"font-weight: 400;\">, <\/span><b>Garota Rodeio<\/b><span style=\"font-weight: 400;\"> e <\/span><b>Garota Simpatia<\/b><span style=\"font-weight: 400;\">. Os concursos valorizam a beleza, o carisma e a representatividade feminina no universo agropecu\u00e1rio.<\/span><\/p>\n<p>&nbsp;<\/p>\n<p>&nbsp;<\/p>\n<p><span style=\"font-weight: 400;\">Outro destaque \u00e9 a <\/span><b>Feira de Touros<\/b><span style=\"font-weight: 400;\"> e as <\/span><b>exposi\u00e7\u00f5es de caprinos, equinos e bovinos<\/b><span style=\"font-weight: 400;\">, que evidenciam a pecu\u00e1ria regional. Os visitantes tamb\u00e9m poder\u00e3o conferir <\/span><b>exposi\u00e7\u00f5es de maquin\u00e1rios, ve\u00edculos e implementos agr\u00edcolas<\/b><span style=\"font-weight: 400;\">, que apresentam o que h\u00e1 de mais atual no mercado para o campo.<\/span><\/p>\n<p>&nbsp;<\/p>\n<p>&nbsp;<\/p>\n<p><span style=\"font-weight: 400;\">Al\u00e9m das atra\u00e7\u00f5es culturais e agropecu\u00e1rias, a <\/span>ExpoBrasil 2025<span style=\"font-weight: 400;\"> tem como principal objetivo criar novas oportunidades de neg\u00f3cios, incentivar o uso de tecnologias sustent\u00e1veis e impulsionar a economia de Para\u00edso do Tocantins e regi\u00e3o.<\/span><\/p>\n<p>&nbsp;<\/p>\n<p>&nbsp;<\/p>\n<p>O evento \u00e9 uma realiza\u00e7\u00e3o do Sindicato Rural de Para\u00edso do Tocantins, com apoio do Sistema FAET\/Senar\/Sindicatos, da Secretaria Estadual da Ind\u00fastria, Com\u00e9rcio e Servi\u00e7os, da Secretaria Estadual do Turismo, do Conselho de Desenvolvimento Econ\u00f4mico do Estado (CDE), do Programa de Impulsionamento da Ind\u00fastria, Com\u00e9rcio e Servi\u00e7os (PICS) e do Governo do Tocantins.<\/p>\n<p>&nbsp;<\/p>\n","protected":false},"excerpt":{"rendered":"<p>A cidade de Para\u00edso do Tocantins se prepara para sediar, de 30 de maio a 8 de junho de 2025, a 41\u00aa Expoagro e a 28\u00aa ExpoBrasil, eventos refer\u00eancia no calend\u00e1rio agropecu\u00e1rio do Tocantins. Organizada pelo Sindicato Rural de Para\u00edso do Tocantins, com o apoio do Sistema FAET\/Senar\/Sindicatos, a feira promete uma programa\u00e7\u00e3o diversificada, reunindo [&hellip;]<\/p>\n","protected":false},"author":7,"featured_media":3217,"comment_status":"open","ping_status":"open","sticky":false,"template":"","format":"standard","meta":{"kia_subtitle":"","footnotes":""},"categories":[16,26],"tags":[122],"class_list":["post-3216","post","type-post","status-publish","format-standard","has-post-thumbnail","hentry","category-feiras-e-eventos","category-noticia-principal","tag-expoagro"],"_links":{"self":[{"href":"https:\/\/sistemafaetsenar.org.br\/faet\/wp-json\/wp\/v2\/posts\/3216"}],"collection":[{"href":"https:\/\/sistemafaetsenar.org.br\/faet\/wp-json\/wp\/v2\/posts"}],"about":[{"href":"https:\/\/sistemafaetsenar.org.br\/faet\/wp-json\/wp\/v2\/types\/post"}],"author":[{"embeddable":true,"href":"https:\/\/sistemafaetsenar.org.br\/faet\/wp-json\/wp\/v2\/users\/7"}],"replies":[{"embeddable":true,"href":"https:\/\/sistemafaetsenar.org.br\/faet\/wp-json\/wp\/v2\/comments?post=3216"}],"version-history":[{"count":0,"href":"https:\/\/sistemafaetsenar.org.br\/faet\/wp-json\/wp\/v2\/posts\/3216\/revisions"}],"wp:featuredmedia":[{"embeddable":true,"href":"https:\/\/sistemafaetsenar.org.br\/faet\/wp-json\/wp\/v2\/media\/3217"}],"wp:attachment":[{"href":"https:\/\/sistemafaetsenar.org.br\/faet\/wp-json\/wp\/v2\/media?parent=3216"}],"wp:term":[{"taxonomy":"category","embeddable":true,"href":"https:\/\/sistemafaetsenar.org.br\/faet\/wp-json\/wp\/v2\/categories?post=3216"},{"taxonomy":"post_tag","embeddable":true,"href":"https:\/\/sistemafaetsenar.org.br\/faet\/wp-json\/wp\/v2\/tags?post=3216"}],"curies":[{"name":"wp","href":"https:\/\/api.w.org\/{rel}","templated":true}]}}