{"id":3208,"date":"2025-05-23T18:15:53","date_gmt":"2025-05-23T21:15:53","guid":{"rendered":"https:\/\/sistemafaetsenar.org.br\/faet\/?p=3208"},"modified":"2025-05-23T18:16:22","modified_gmt":"2025-05-23T21:16:22","slug":"expoagro-de-marianopolis-chega-a-23a-edicao-destacando-tradicoes-e-o-avanco-do-agronegocio","status":"publish","type":"post","link":"https:\/\/sistemafaetsenar.org.br\/faet\/expoagro-de-marianopolis-chega-a-23a-edicao-destacando-tradicoes-e-o-avanco-do-agronegocio\/","title":{"rendered":"Expoagro de Marian\u00f3polis chega \u00e0 23\u00aa edi\u00e7\u00e3o destacando tradi\u00e7\u00f5es e o avan\u00e7o do agroneg\u00f3cio"},"content":{"rendered":"<p>A cidade de Marian\u00f3polis do Tocantins se prepara para receber, entre os dias 24 de maio e 1\u00ba de junho, a 23\u00aa Exposi\u00e7\u00e3o Agropecu\u00e1ria de Marian\u00f3polis (Expoagro). A feira integra as comemora\u00e7\u00f5es dos 36 anos do munic\u00edpio e promete movimentar a economia local com uma programa\u00e7\u00e3o voltada ao fortalecimento do agroneg\u00f3cio e valoriza\u00e7\u00e3o das tradi\u00e7\u00f5es do campo. Palco de rodeios e leil\u00f5es, atra\u00e7\u00f5es culturais e musicais, a abertura oficial ser\u00e1 no dia 24 de maio, com show da dupla Edy Britto &amp; Samuel.<\/p>\n<p>&nbsp;<\/p>\n<p>Entre os destaques da programa\u00e7\u00e3o est\u00e1 a cavalgada, marcada para o dia 25 de maio, reunindo comitivas da cidade e da regi\u00e3o. Outro momento esperado \u00e9 o tradicional concurso Garota Expoagro, que valoriza a presen\u00e7a feminina no meio rural.<\/p>\n<p>&nbsp;<\/p>\n<p>Al\u00e9m de promover entretenimento, a exposi\u00e7\u00e3o \u00e9 um espa\u00e7o estrat\u00e9gico para a gera\u00e7\u00e3o de neg\u00f3cios, troca de experi\u00eancias entre produtores e acesso a tecnologias e servi\u00e7os que impulsionam o setor agropecu\u00e1rio \u2014 base da economia de Marian\u00f3polis. Segundo o presidente do Sindicato Rural, Darci D\u00e1rio Drews, em 2023 o munic\u00edpio destacou-se como um novo polo de gr\u00e3os no estado, com 45 mil hectares de soja plantada, al\u00e9m de culturas como milho, feij\u00e3o, girassol e sorgo.<\/p>\n<p>&nbsp;<\/p>\n<p>O evento \u00e9 uma realiza\u00e7\u00e3o do Sindicato Rural de Marian\u00f3polis, com apoio do Sistema FAET\/Senar\/Sindicatos, Secretaria Estadual da Ind\u00fastria, Com\u00e9rcio e Servi\u00e7os, Secretaria Estadual do Turismo, Conselho de Desenvolvimento Econ\u00f4mico do Estado (CDE), Programa de Impulsionamento da Ind\u00fastria, Com\u00e9rcio e Servi\u00e7os (PICS) e Governo do Tocantins.<\/p>\n","protected":false},"excerpt":{"rendered":"<p>A cidade de Marian\u00f3polis do Tocantins se prepara para receber, entre os dias 24 de maio e 1\u00ba de junho, a 23\u00aa Exposi\u00e7\u00e3o Agropecu\u00e1ria de Marian\u00f3polis (Expoagro). A feira integra as comemora\u00e7\u00f5es dos 36 anos do munic\u00edpio e promete movimentar a economia local com uma programa\u00e7\u00e3o voltada ao fortalecimento do agroneg\u00f3cio e valoriza\u00e7\u00e3o das tradi\u00e7\u00f5es [&hellip;]<\/p>\n","protected":false},"author":7,"featured_media":3207,"comment_status":"open","ping_status":"open","sticky":false,"template":"","format":"standard","meta":{"kia_subtitle":"","footnotes":""},"categories":[26],"tags":[122],"class_list":["post-3208","post","type-post","status-publish","format-standard","has-post-thumbnail","hentry","category-noticia-principal","tag-expoagro"],"_links":{"self":[{"href":"https:\/\/sistemafaetsenar.org.br\/faet\/wp-json\/wp\/v2\/posts\/3208"}],"collection":[{"href":"https:\/\/sistemafaetsenar.org.br\/faet\/wp-json\/wp\/v2\/posts"}],"about":[{"href":"https:\/\/sistemafaetsenar.org.br\/faet\/wp-json\/wp\/v2\/types\/post"}],"author":[{"embeddable":true,"href":"https:\/\/sistemafaetsenar.org.br\/faet\/wp-json\/wp\/v2\/users\/7"}],"replies":[{"embeddable":true,"href":"https:\/\/sistemafaetsenar.org.br\/faet\/wp-json\/wp\/v2\/comments?post=3208"}],"version-history":[{"count":0,"href":"https:\/\/sistemafaetsenar.org.br\/faet\/wp-json\/wp\/v2\/posts\/3208\/revisions"}],"wp:featuredmedia":[{"embeddable":true,"href":"https:\/\/sistemafaetsenar.org.br\/faet\/wp-json\/wp\/v2\/media\/3207"}],"wp:attachment":[{"href":"https:\/\/sistemafaetsenar.org.br\/faet\/wp-json\/wp\/v2\/media?parent=3208"}],"wp:term":[{"taxonomy":"category","embeddable":true,"href":"https:\/\/sistemafaetsenar.org.br\/faet\/wp-json\/wp\/v2\/categories?post=3208"},{"taxonomy":"post_tag","embeddable":true,"href":"https:\/\/sistemafaetsenar.org.br\/faet\/wp-json\/wp\/v2\/tags?post=3208"}],"curies":[{"name":"wp","href":"https:\/\/api.w.org\/{rel}","templated":true}]}}