{"id":3197,"date":"2025-05-23T17:24:24","date_gmt":"2025-05-23T20:24:24","guid":{"rendered":"https:\/\/sistemafaetsenar.org.br\/faet\/?p=3197"},"modified":"2025-05-23T17:24:24","modified_gmt":"2025-05-23T20:24:24","slug":"barrolandia-se-prepara-para-a-23a-expoagro","status":"publish","type":"post","link":"https:\/\/sistemafaetsenar.org.br\/faet\/barrolandia-se-prepara-para-a-23a-expoagro\/","title":{"rendered":"Barrol\u00e2ndia se prepara para a 23\u00aa Expoagro"},"content":{"rendered":"<p data-start=\"272\" data-end=\"562\">De 24 a 31 de maio de 2025, o Parque de Exposi\u00e7\u00e3o Agropecu\u00e1ria de Barrol\u00e2ndia ser\u00e1 palco de um dos maiores eventos do setor agropecu\u00e1rio do Tocantins. A 23\u00aa edi\u00e7\u00e3o da Expoagro de Barrol\u00e2ndia chega com uma programa\u00e7\u00e3o ampliada.<\/p>\n<p data-start=\"272\" data-end=\"562\">\n<p data-start=\"564\" data-end=\"1022\">A feira \u00e9 organizada pelo Sindicato Rural de Barrol\u00e2ndia, que este ano, sob a presid\u00eancia de Cleiton Brito, aposta em uma estrutura totalmente renovada para atrair um p\u00fablico recorde. \u201cEstamos preparando uma estrutura completamente diferente de tudo que j\u00e1 foi feito na cidade. Ser\u00e3o quatro shows nacionais e uma expectativa de mais de 40 mil pessoas durante a feira. Ser\u00e1 uma festa hist\u00f3rica para Barrol\u00e2ndia e para o nosso produtor rural\u201d, afirmou Cleiton.<\/p>\n<p data-start=\"564\" data-end=\"1022\">\n<p data-start=\"1024\" data-end=\"1338\">A programa\u00e7\u00e3o da Expoagro 2025 contar\u00e1 com exposi\u00e7\u00f5es de gado, carneiros e cavalos, al\u00e9m do j\u00e1 tradicional <strong data-start=\"1131\" data-end=\"1164\">Emp\u00f3rio das Produtoras Rurais<\/strong> \u2013 espa\u00e7o dedicado \u00e0 comercializa\u00e7\u00e3o de doces, queijos, p\u00e3es e outros produtos artesanais elaborados por mulheres participantes dos cursos promovidos pelo Sistema FAET\/Senar.<\/p>\n<p data-start=\"1024\" data-end=\"1338\">\n<p data-start=\"1340\" data-end=\"1718\">Outro destaque \u00e9 a realiza\u00e7\u00e3o do <strong data-start=\"1373\" data-end=\"1419\">5\u00ba Torneio Leiteiro e do Torneio do Queijo<\/strong>, que refor\u00e7am a import\u00e2ncia da produ\u00e7\u00e3o local e incentivam a qualidade dos produtos derivados do leite. Haver\u00e1 ainda <strong data-start=\"1537\" data-end=\"1559\">corrida de cavalos<\/strong>, <strong data-start=\"1561\" data-end=\"1581\">show de calouros<\/strong> e <strong data-start=\"1584\" data-end=\"1622\">exposi\u00e7\u00e3o de implementos agr\u00edcolas<\/strong>, movimentando o com\u00e9rcio local e promovendo o interc\u00e2mbio entre produtores e empresas do setor.<\/p>\n<p data-start=\"1340\" data-end=\"1718\">\n<p data-start=\"1720\" data-end=\"2103\">A Expoagro de Barrol\u00e2ndia \u00e9 uma iniciativa do Sindicato Rural de Barrol\u00e2ndia, com o apoio do Sistema FAET\/Senar\/Sindicatos, Prefeitura Municipal, Secretaria Estadual da Ind\u00fastria, Com\u00e9rcio e Servi\u00e7os, Secretaria Estadual do Turismo, Conselho de Desenvolvimento Econ\u00f4mico do Estado (CDE), Programa de Impulsionamento da Ind\u00fastria, Com\u00e9rcio e Servi\u00e7os (PICS) e do Governo do Tocantins.<\/p>\n","protected":false},"excerpt":{"rendered":"<p>De 24 a 31 de maio de 2025, o Parque de Exposi\u00e7\u00e3o Agropecu\u00e1ria de Barrol\u00e2ndia ser\u00e1 palco de um dos maiores eventos do setor agropecu\u00e1rio do Tocantins. A 23\u00aa edi\u00e7\u00e3o da Expoagro de Barrol\u00e2ndia chega com uma programa\u00e7\u00e3o ampliada. A feira \u00e9 organizada pelo Sindicato Rural de Barrol\u00e2ndia, que este ano, sob a presid\u00eancia de [&hellip;]<\/p>\n","protected":false},"author":3,"featured_media":3198,"comment_status":"open","ping_status":"open","sticky":false,"template":"","format":"standard","meta":{"kia_subtitle":"","footnotes":""},"categories":[26],"tags":[],"class_list":["post-3197","post","type-post","status-publish","format-standard","has-post-thumbnail","hentry","category-noticia-principal"],"_links":{"self":[{"href":"https:\/\/sistemafaetsenar.org.br\/faet\/wp-json\/wp\/v2\/posts\/3197"}],"collection":[{"href":"https:\/\/sistemafaetsenar.org.br\/faet\/wp-json\/wp\/v2\/posts"}],"about":[{"href":"https:\/\/sistemafaetsenar.org.br\/faet\/wp-json\/wp\/v2\/types\/post"}],"author":[{"embeddable":true,"href":"https:\/\/sistemafaetsenar.org.br\/faet\/wp-json\/wp\/v2\/users\/3"}],"replies":[{"embeddable":true,"href":"https:\/\/sistemafaetsenar.org.br\/faet\/wp-json\/wp\/v2\/comments?post=3197"}],"version-history":[{"count":0,"href":"https:\/\/sistemafaetsenar.org.br\/faet\/wp-json\/wp\/v2\/posts\/3197\/revisions"}],"wp:featuredmedia":[{"embeddable":true,"href":"https:\/\/sistemafaetsenar.org.br\/faet\/wp-json\/wp\/v2\/media\/3198"}],"wp:attachment":[{"href":"https:\/\/sistemafaetsenar.org.br\/faet\/wp-json\/wp\/v2\/media?parent=3197"}],"wp:term":[{"taxonomy":"category","embeddable":true,"href":"https:\/\/sistemafaetsenar.org.br\/faet\/wp-json\/wp\/v2\/categories?post=3197"},{"taxonomy":"post_tag","embeddable":true,"href":"https:\/\/sistemafaetsenar.org.br\/faet\/wp-json\/wp\/v2\/tags?post=3197"}],"curies":[{"name":"wp","href":"https:\/\/api.w.org\/{rel}","templated":true}]}}