{"id":3192,"date":"2025-05-23T09:43:43","date_gmt":"2025-05-23T12:43:43","guid":{"rendered":"https:\/\/sistemafaetsenar.org.br\/faet\/?p=3192"},"modified":"2025-05-23T09:47:35","modified_gmt":"2025-05-23T12:47:35","slug":"expoagro-de-divinopolis-do-tocantins-atrai-multidao-e-movimenta-setor-agropecuario","status":"publish","type":"post","link":"https:\/\/sistemafaetsenar.org.br\/faet\/expoagro-de-divinopolis-do-tocantins-atrai-multidao-e-movimenta-setor-agropecuario\/","title":{"rendered":"Expoagro de Divin\u00f3polis do Tocantins atrai multid\u00e3o e movimenta setor agropecu\u00e1rio"},"content":{"rendered":"<p>A cidade de Divin\u00f3polis do Tocantins deu in\u00edcio \u00e0 sua XXIV Exposi\u00e7\u00e3o Agropecu\u00e1ria. A noite de abertura reuniu cerca de duas mil pessoas e expectativa \u00e9 que o p\u00fablico aumente ainda mais nos pr\u00f3ximos dias no evento que promete movimentar a economia local e fortalecer o agroneg\u00f3cio na regi\u00e3o.<\/p>\n<p>&nbsp;<\/p>\n<p><img fetchpriority=\"high\" decoding=\"async\" class=\"alignnone wp-image-3193 size-large\" src=\"https:\/\/sistemafaetsenar.org.br\/faet\/wp-content\/uploads\/2025\/05\/WhatsApp-Image-2025-05-23-at-09.39.21-1024x682.jpeg\" alt=\"\" width=\"780\" height=\"519\" srcset=\"https:\/\/sistemafaetsenar.org.br\/faet\/wp-content\/uploads\/2025\/05\/WhatsApp-Image-2025-05-23-at-09.39.21-1024x682.jpeg 1024w, https:\/\/sistemafaetsenar.org.br\/faet\/wp-content\/uploads\/2025\/05\/WhatsApp-Image-2025-05-23-at-09.39.21-300x200.jpeg 300w, https:\/\/sistemafaetsenar.org.br\/faet\/wp-content\/uploads\/2025\/05\/WhatsApp-Image-2025-05-23-at-09.39.21.jpeg 1600w\" sizes=\"(max-width: 780px) 100vw, 780px\" \/><\/p>\n<p>&nbsp;<\/p>\n<p>A solenidade de abertura contou com a presen\u00e7a de prasidentes de sindicatos rurais e autoridades do agro. Paulo Carneiro, presidente do Sistema FAET\/Senar e o superintendente da Faet, Frederico Sodr\u00e9, marcaram presen\u00e7a no evento.<\/p>\n<p>&nbsp;<\/p>\n<p>\u201cS\u00f3 tenho a agradecer a todos os envolvidos que fizeram de tudo para esse evento acontecer. Al\u00e9m da festa, n\u00f3s aproveitamos para fazermos cadastramento de carteirinha de pesca do Naturatins, rodadas de neg\u00f3cio e mutir\u00e3o para o Retificar, o programa da CNA em parceria com o Sistema Faet\/Senar para an\u00e1lise de CAR dos produtores rurais aqui do munic\u00edpio\u201d, destacou Jhonatan, presidente do Sindicato Rural de Divin\u00f3polis.<\/p>\n<p>&nbsp;<\/p>\n<p>Para empreendedores e expositores a feira se torna uma oportunidade para neg\u00f3cios, como \u00e9 o caso de Marcos Barbosa \u201cEu vim do interior de S\u00e3o Paulo, j\u00e1 \u00e9 o segundo ano que participo da feira agropecu\u00e1ria de Divin\u00f3polis, sempre somos bem recebidos e a expectativa \u00e9 trabalhar bastante\u201d, afirmou.<\/p>\n<p>&nbsp;<\/p>\n<p><img decoding=\"async\" class=\"alignnone wp-image-3194 size-large\" src=\"https:\/\/sistemafaetsenar.org.br\/faet\/wp-content\/uploads\/2025\/05\/WhatsApp-Image-2025-05-23-at-09.39.43-1024x576.jpeg\" alt=\"\" width=\"780\" height=\"439\" srcset=\"https:\/\/sistemafaetsenar.org.br\/faet\/wp-content\/uploads\/2025\/05\/WhatsApp-Image-2025-05-23-at-09.39.43-1024x576.jpeg 1024w, https:\/\/sistemafaetsenar.org.br\/faet\/wp-content\/uploads\/2025\/05\/WhatsApp-Image-2025-05-23-at-09.39.43-300x169.jpeg 300w, https:\/\/sistemafaetsenar.org.br\/faet\/wp-content\/uploads\/2025\/05\/WhatsApp-Image-2025-05-23-at-09.39.43.jpeg 1600w\" sizes=\"(max-width: 780px) 100vw, 780px\" \/><\/p>\n<p>Institui\u00e7\u00f5es financeiras tamb\u00e9m marcaram presen\u00e7a, oferecendo suporte e orienta\u00e7\u00e3o aos produtores. Maria Bonfim Rodrigues, colaboradora do Banco Sicoob, explicou a atua\u00e7\u00e3o da institui\u00e7\u00e3o no evento. \u201cEstamos com um espa\u00e7o aqui na feira para atender os produtores rurais, oferecendo servi\u00e7os e orientando acerca de financiamentos de ve\u00edculos, m\u00e1quinas e linhas de cr\u00e9dito com taxas acess\u00edveis aos produtores rurais.\u201d<\/p>\n<p>&nbsp;<\/p>\n<p>Para Paulo Carneiro, presidente do Sistema Faet\/Senar, a exposi\u00e7\u00e3o leva integra\u00e7\u00e3o entre a popula\u00e7\u00e3o e o setor agropecu\u00e1rio. \u201cA expectativa \u00e9 grande com casa cheia. A exposi\u00e7\u00e3o \u00e9 feita para o povo, \u00e9 um conjunto de parcerias para fazermos um grande evento e o Sistema Faet\/Senar aproveitou para trazer o programa Retificar para os produtores rurais dessa regi\u00e3o, trazendo os produtores para retificarem o CAR para dar condi\u00e7\u00f5es deles terem acesso a financiamentos e cr\u00e9dito rural. Ent\u00e3o a federa\u00e7\u00e3o e o Senar est\u00e3o trabalhando nesse sentido\u201d, ressaltou.<\/p>\n<p>&nbsp;<\/p>\n<p>E a programa\u00e7\u00e3o segue nos pr\u00f3ximos dias com shows, exposi\u00e7\u00f5es de animais, comercializa\u00e7\u00e3o de produtos e servi\u00e7os voltados ao campo. A Expoagro \u00e9 fruto da parceria entre o Sindicato Rural de Divin\u00f3polis e o Sistema FAET\/Senar\/Sindicatos, com apoio da Secretaria Estadual da Ind\u00fastria, Com\u00e9rcio e Servi\u00e7os, Secretaria Estadual do Turismo, Conselho de Desenvolvimento Econ\u00f4mico (CDE), Programa de Impulsionamento da Ind\u00fastria, Com\u00e9rcio e Servi\u00e7os (PICS) e do Governo do Tocantins.<\/p>\n","protected":false},"excerpt":{"rendered":"<p>A cidade de Divin\u00f3polis do Tocantins deu in\u00edcio \u00e0 sua XXIV Exposi\u00e7\u00e3o Agropecu\u00e1ria. A noite de abertura reuniu cerca de duas mil pessoas e expectativa \u00e9 que o p\u00fablico aumente ainda mais nos pr\u00f3ximos dias no evento que promete movimentar a economia local e fortalecer o agroneg\u00f3cio na regi\u00e3o. &nbsp; &nbsp; A solenidade de abertura [&hellip;]<\/p>\n","protected":false},"author":3,"featured_media":3196,"comment_status":"open","ping_status":"open","sticky":false,"template":"","format":"standard","meta":{"kia_subtitle":"","footnotes":""},"categories":[26],"tags":[],"class_list":["post-3192","post","type-post","status-publish","format-standard","has-post-thumbnail","hentry","category-noticia-principal"],"_links":{"self":[{"href":"https:\/\/sistemafaetsenar.org.br\/faet\/wp-json\/wp\/v2\/posts\/3192"}],"collection":[{"href":"https:\/\/sistemafaetsenar.org.br\/faet\/wp-json\/wp\/v2\/posts"}],"about":[{"href":"https:\/\/sistemafaetsenar.org.br\/faet\/wp-json\/wp\/v2\/types\/post"}],"author":[{"embeddable":true,"href":"https:\/\/sistemafaetsenar.org.br\/faet\/wp-json\/wp\/v2\/users\/3"}],"replies":[{"embeddable":true,"href":"https:\/\/sistemafaetsenar.org.br\/faet\/wp-json\/wp\/v2\/comments?post=3192"}],"version-history":[{"count":0,"href":"https:\/\/sistemafaetsenar.org.br\/faet\/wp-json\/wp\/v2\/posts\/3192\/revisions"}],"wp:featuredmedia":[{"embeddable":true,"href":"https:\/\/sistemafaetsenar.org.br\/faet\/wp-json\/wp\/v2\/media\/3196"}],"wp:attachment":[{"href":"https:\/\/sistemafaetsenar.org.br\/faet\/wp-json\/wp\/v2\/media?parent=3192"}],"wp:term":[{"taxonomy":"category","embeddable":true,"href":"https:\/\/sistemafaetsenar.org.br\/faet\/wp-json\/wp\/v2\/categories?post=3192"},{"taxonomy":"post_tag","embeddable":true,"href":"https:\/\/sistemafaetsenar.org.br\/faet\/wp-json\/wp\/v2\/tags?post=3192"}],"curies":[{"name":"wp","href":"https:\/\/api.w.org\/{rel}","templated":true}]}}