{"id":3188,"date":"2025-05-23T08:33:47","date_gmt":"2025-05-23T11:33:47","guid":{"rendered":"https:\/\/sistemafaetsenar.org.br\/faet\/?p=3188"},"modified":"2025-05-23T08:37:01","modified_gmt":"2025-05-23T11:37:01","slug":"nota-tecnica-da-faet-sobre-a-gripe-aviaria","status":"publish","type":"post","link":"https:\/\/sistemafaetsenar.org.br\/faet\/nota-tecnica-da-faet-sobre-a-gripe-aviaria\/","title":{"rendered":"NOTA T\u00c9CNICA DA FAET SOBRE A GRIPE AVI\u00c1RIA"},"content":{"rendered":"<p align=\"justify\">A Federa\u00e7\u00e3o da Agricultura e Pecu\u00e1ria do Estado do Tocantins (FAET), por meio do Departamento T\u00e9cnico, est\u00e1 acompanhando todos os casos suspeitos de gripe avi\u00e1ria no Brasil, assim como as tratativas e acordos que est\u00e3o sendo estabelecidos. Vale ressaltar que o estado do Tocantins, at\u00e9 o momento, n\u00e3o est\u00e1 sendo afetado diretamente. O estado, por meio da Ag\u00eancia de Defesa Agropecu\u00e1ria do Estado do Tocantins (Adapec), informou que o \u00fanico caso suspeito de gripe avi\u00e1ria que estava sob investiga\u00e7\u00e3o, no munic\u00edpio de Aguiarn\u00f3polis, teve laudo preliminar negativo para gripe avi\u00e1ria, sendo divulgado pelo Minist\u00e9rio da Agricultura e Pecu\u00e1ria (MAPA) na segunda-feira (19\/05\/20025), conforme nota: https:\/\/www.to.gov.br\/adapec\/noticias\/nota-tocantins-tranquiliza-populacao-sobre-a-investigacao-de-gripe-aviaria\/388aonivx8mv<\/p>\n<p align=\"justify\">\n<p align=\"justify\">\n<p align=\"justify\">O MAPA confirmou o primeiro foco de gripe avi\u00e1ria no sistema de avicultura\u00a0comercial\u00a0no\u00a0Brasil, o diagn\u00f3stico ocorreu em uma propriedade no munic\u00edpio de Montenegro, no Rio Grande do Sul. Desde 2006, ocorre a circula\u00e7\u00e3o do v\u00edrus, especialmente na \u00c1sia, \u00c1frica e no Norte da Europa. No Brasil, em maio de 2023, foi confirmada a infec\u00e7\u00e3o do v\u00edrus em aves silvestres, por\u00e9m essa \u00e9 primeira vez que acomete o plantel comercial.<\/p>\n<p align=\"justify\">\n<p align=\"justify\">\n<p align=\"justify\">A Influenza avi\u00e1ria de alta patogenicidade \u00e9 provocada por uma variante do v\u00edrus Influenza H5N1 e H7N9, as aves silvestres, principalmente aqu\u00e1ticas migrat\u00f3rias, s\u00e3o os principais reservat\u00f3rios que podem infectar aves comerciais e mam\u00edferos. Os sinais cl\u00ednicos nas aves s\u00e3o: dificuldade respirat\u00f3ria, secre\u00e7\u00e3o nasal ou ocular, espirros, incoordena\u00e7\u00e3o motora, torcicolo, diarreia e alta mortalidade em aves dom\u00e9sticas ou silvestres. O produtor que suspeitar de casos deve comunicar imediatamente a Adapec, pelo Disque Defesa (0800 000 4733) ou pelo e-Sisbravet acessando o site: adapec.to.gov.br.<\/p>\n<p align=\"justify\">\n<p align=\"justify\">\n<p align=\"justify\">A doen\u00e7a n\u00e3o \u00e9 transmitida pelo consumo de carne de aves ou ovos, o risco de infec\u00e7\u00f5es em humanos pelo v\u00edrus \u00e9 baixo, por\u00e9m pode ocorrer em profissionais com contato intenso com aves infectadas. No entanto, recomenda-se que a popula\u00e7\u00e3o n\u00e3o se aproxime de aves doentes ou mortas, e evite que c\u00e3es, gatos ou outros animais dom\u00e9sticos tenham contato com elas.<\/p>\n<p align=\"justify\">\n<p align=\"justify\">\n<p align=\"justify\">A confirma\u00e7\u00e3o do caso de gripe avi\u00e1ria no Brasil teve embargos econ\u00f4micos, mais de 20 pa\u00edses e Uni\u00e3o Europeia definiram a suspens\u00e3o total de exporta\u00e7\u00e3o de carne de frango, j\u00e1 outros pa\u00edses est\u00e3o com suspens\u00e3o parcial apenas para o estado do Rio Grande do Sul. Devido a isso, as medidas de conten\u00e7\u00e3o e erradica\u00e7\u00e3o do foco previstas no plano nacional de conting\u00eancia s\u00e3o de suma import\u00e2ncia para conter a doen\u00e7a, a fim de garantir a seguran\u00e7a alimentar e a capacidade produtiva do setor.<\/p>\n<p align=\"justify\">\n<p align=\"justify\">\n<p align=\"center\"><em>Dra. La\u00eds Giuliani Felipetto<\/em><\/p>\n<p align=\"center\"><em><span style=\"font-size: small;\">M\u00e9dica Veterin\u00e1ria, mestra e doutora em Sa\u00fade \u00danica<\/span><\/em><\/p>\n<p align=\"center\"><em><span style=\"font-size: small;\">Analista T\u00e9cnica da FAET<\/span><\/em><\/p>\n","protected":false},"excerpt":{"rendered":"<p>A Federa\u00e7\u00e3o da Agricultura e Pecu\u00e1ria do Estado do Tocantins (FAET), por meio do Departamento T\u00e9cnico, est\u00e1 acompanhando todos os casos suspeitos de gripe avi\u00e1ria no Brasil, assim como as tratativas e acordos que est\u00e3o sendo estabelecidos. Vale ressaltar que o estado do Tocantins, at\u00e9 o momento, n\u00e3o est\u00e1 sendo afetado diretamente. O estado, por [&hellip;]<\/p>\n","protected":false},"author":3,"featured_media":3189,"comment_status":"open","ping_status":"open","sticky":false,"template":"","format":"standard","meta":{"kia_subtitle":"","footnotes":""},"categories":[26],"tags":[],"class_list":["post-3188","post","type-post","status-publish","format-standard","has-post-thumbnail","hentry","category-noticia-principal"],"_links":{"self":[{"href":"https:\/\/sistemafaetsenar.org.br\/faet\/wp-json\/wp\/v2\/posts\/3188"}],"collection":[{"href":"https:\/\/sistemafaetsenar.org.br\/faet\/wp-json\/wp\/v2\/posts"}],"about":[{"href":"https:\/\/sistemafaetsenar.org.br\/faet\/wp-json\/wp\/v2\/types\/post"}],"author":[{"embeddable":true,"href":"https:\/\/sistemafaetsenar.org.br\/faet\/wp-json\/wp\/v2\/users\/3"}],"replies":[{"embeddable":true,"href":"https:\/\/sistemafaetsenar.org.br\/faet\/wp-json\/wp\/v2\/comments?post=3188"}],"version-history":[{"count":0,"href":"https:\/\/sistemafaetsenar.org.br\/faet\/wp-json\/wp\/v2\/posts\/3188\/revisions"}],"wp:featuredmedia":[{"embeddable":true,"href":"https:\/\/sistemafaetsenar.org.br\/faet\/wp-json\/wp\/v2\/media\/3189"}],"wp:attachment":[{"href":"https:\/\/sistemafaetsenar.org.br\/faet\/wp-json\/wp\/v2\/media?parent=3188"}],"wp:term":[{"taxonomy":"category","embeddable":true,"href":"https:\/\/sistemafaetsenar.org.br\/faet\/wp-json\/wp\/v2\/categories?post=3188"},{"taxonomy":"post_tag","embeddable":true,"href":"https:\/\/sistemafaetsenar.org.br\/faet\/wp-json\/wp\/v2\/tags?post=3188"}],"curies":[{"name":"wp","href":"https:\/\/api.w.org\/{rel}","templated":true}]}}