{"id":3068,"date":"2025-04-24T16:27:32","date_gmt":"2025-04-24T19:27:32","guid":{"rendered":"https:\/\/sistemafaetsenar.org.br\/faet\/?p=3068"},"modified":"2025-04-24T16:27:32","modified_gmt":"2025-04-24T19:27:32","slug":"cna-faet-semarh-e-naturatins-lancam-programa-para-agilizar-analise-do-car-no-tocantins","status":"publish","type":"post","link":"https:\/\/sistemafaetsenar.org.br\/faet\/cna-faet-semarh-e-naturatins-lancam-programa-para-agilizar-analise-do-car-no-tocantins\/","title":{"rendered":"CNA, FAET, SEMARH E NATURATINS LAN\u00c7AM PROGRAMA PARA AGILIZAR AN\u00c1LISE DO CAR NO TOCANTINS"},"content":{"rendered":"<p>&nbsp;<\/p>\n<p><img fetchpriority=\"high\" decoding=\"async\" class=\"alignnone  wp-image-3071\" src=\"https:\/\/sistemafaetsenar.org.br\/faet\/wp-content\/uploads\/2025\/04\/WhatsApp-Image-2025-04-24-at-16.16.34-300x225.jpeg\" alt=\"\" width=\"695\" height=\"521\" srcset=\"https:\/\/sistemafaetsenar.org.br\/faet\/wp-content\/uploads\/2025\/04\/WhatsApp-Image-2025-04-24-at-16.16.34-300x225.jpeg 300w, https:\/\/sistemafaetsenar.org.br\/faet\/wp-content\/uploads\/2025\/04\/WhatsApp-Image-2025-04-24-at-16.16.34-1024x768.jpeg 1024w, https:\/\/sistemafaetsenar.org.br\/faet\/wp-content\/uploads\/2025\/04\/WhatsApp-Image-2025-04-24-at-16.16.34.jpeg 1280w\" sizes=\"(max-width: 695px) 100vw, 695px\" \/><\/p>\n<p>&nbsp;<\/p>\n<p>Iniciativa da Confedera\u00e7\u00e3o de Agricultura e Pecu\u00e1ria do Brasil (CNA), o projeto RetifiCAR foi lan\u00e7ado em Palmas\/TO, em uma solenidade que reuniu presidentes de sindicatos rurais, presidentes e representantes de associa\u00e7\u00f5es e empresas ligadas ao setor rural.<\/p>\n<p>&nbsp;<\/p>\n<p>O Projeto Retificar \u00e9 uma iniciativa que visa auxiliar o produtor rural na retifica\u00e7\u00e3o do Cadastro Ambiental Rural (CAR). S\u00f3 no Tocantins existem 93.311 im\u00f3veis cadastrados, mas cerca de mil apenas j\u00e1 foram devidamente analisados e validados.<\/p>\n<p>&nbsp;<\/p>\n<p>\u201cA CNA, a FAET e os sindicatos, por meio desse projeto e em parceria com o Naturatins e a Semarh querem ajudar a agilizar a fila de espera dos produtores que precisam do seu cadastro validado para poder acessar os cr\u00e9ditos e retomar suas atividades,<br \/>\nporque o que o produtor sabe e quer fazer \u00e9 produzir\u201d, destacou Paulo Carneiro, presidente da FAET.<\/p>\n<p>&nbsp;<\/p>\n<p>Segundo o secret\u00e1rio estadual de Meio Ambiente e Recursos H\u00eddricos, Marcello Lelis, todos os estados brasileiros est\u00e3o com dificuldade para dar celeridade aos processos de an\u00e1lise do CAR, mas agora ele acredita que no Tocantins vai ser diferente.<\/p>\n<p>&nbsp;<\/p>\n<p>\u201cPreserva\u00e7\u00e3o e produ\u00e7\u00e3o precisam andar juntas, com o esfor\u00e7o conjunto do Governo e entidades vamos acelerar as an\u00e1lises e promover a regulariza\u00e7\u00e3o ambiental das propriedades rurais\u201d, disse.<\/p>\n<p>&nbsp;<\/p>\n<p>Para Cledson da Rocha Lima, presidente do Naturatins, o instituto ambiental do estado, v\u00e1rias a\u00e7\u00f5es foram desenvolvidas na gest\u00e3o atual para resolver o maior desafio da pasta que \u00e9 agilizar as an\u00e1lises do CAR. Por isso parte dos servi\u00e7os tamb\u00e9m ser\u00e1 terceirizada para auxiliar nesse processo. \u201cO \u00f3rg\u00e3o busca realizar um trabalho com vis\u00e3o desenvolvimentista, mas sempre aliado \u00e0 preserva\u00e7\u00e3o ambiental\u201d, destacou.<\/p>\n<p>&nbsp;<\/p>\n<p>A maior preocupa\u00e7\u00e3o \u00e9 atender as exig\u00eancias previstas no C\u00f3digo Florestal Brasileiro e garantir o acesso a cr\u00e9dito nos agentes financeiros. Com os esfor\u00e7os realizados no estado, a assessora t\u00e9cnica na Coordena\u00e7\u00e3o de Sustentabilidade da CNA, Ja\u00edne Cubas, acredita que o \u201cTocantins est\u00e1 em boas m\u00e3os e tem condi\u00e7\u00f5es de sair na frente na regulariza\u00e7\u00e3o das propriedades rurais\u201d.<\/p>\n<p>&nbsp;<\/p>\n<p><img decoding=\"async\" class=\"alignnone  wp-image-3073\" src=\"https:\/\/sistemafaetsenar.org.br\/faet\/wp-content\/uploads\/2025\/04\/IMG_2113-300x169.jpg\" alt=\"\" width=\"739\" height=\"416\" srcset=\"https:\/\/sistemafaetsenar.org.br\/faet\/wp-content\/uploads\/2025\/04\/IMG_2113-300x169.jpg 300w, https:\/\/sistemafaetsenar.org.br\/faet\/wp-content\/uploads\/2025\/04\/IMG_2113-1024x578.jpg 1024w\" sizes=\"(max-width: 739px) 100vw, 739px\" \/><\/p>\n<p>&nbsp;<\/p>\n<p><span style=\"font-size: 24px;\"><strong>RETIFICAR<\/strong><\/span><\/p>\n<p>&nbsp;<\/p>\n<p>O projeto tem como objetivo auxiliar os produtores rurais a regularizarem seus im\u00f3veis em rela\u00e7\u00e3o ao CAR, trazendo benef\u00edcios tanto para o meio ambiente quanto para a produ\u00e7\u00e3o rural.<\/p>\n<p>&nbsp;<\/p>\n<p>A retifica\u00e7\u00e3o do CAR \u00e9 fruto de uma parceria entre entidades p\u00fablicas e privadas e \u00e9 uma oportunidade para os produtores corrigirem eventuais erros ou inconsist\u00eancias em seus cadastros, garantindo maior seguran\u00e7a jur\u00eddica e ambiental.<\/p>\n<p>&nbsp;<\/p>\n<p>Caber\u00e1 aos sindicatos rurais auxiliarem na mobiliza\u00e7\u00e3o dos produtores para participarem do projeto. A empresa AgroPassos Engenharia ser\u00e1 a respons\u00e1vel pela execu\u00e7\u00e3o dos trabalhos e todos os servi\u00e7os ser\u00e3o custeados pela CNA.<\/p>\n<p>&nbsp;<\/p>\n<p><img decoding=\"async\" class=\"alignnone  wp-image-3076\" src=\"https:\/\/sistemafaetsenar.org.br\/faet\/wp-content\/uploads\/2025\/04\/IMG_2091-300x169.jpg\" alt=\"\" width=\"751\" height=\"423\" srcset=\"https:\/\/sistemafaetsenar.org.br\/faet\/wp-content\/uploads\/2025\/04\/IMG_2091-300x169.jpg 300w, https:\/\/sistemafaetsenar.org.br\/faet\/wp-content\/uploads\/2025\/04\/IMG_2091-1024x578.jpg 1024w\" sizes=\"(max-width: 751px) 100vw, 751px\" \/><\/p>\n<p>&nbsp;<\/p>\n","protected":false},"excerpt":{"rendered":"<p>&nbsp; &nbsp; Iniciativa da Confedera\u00e7\u00e3o de Agricultura e Pecu\u00e1ria do Brasil (CNA), o projeto RetifiCAR foi lan\u00e7ado em Palmas\/TO, em uma solenidade que reuniu presidentes de sindicatos rurais, presidentes e representantes de associa\u00e7\u00f5es e empresas ligadas ao setor rural. &nbsp; O Projeto Retificar \u00e9 uma iniciativa que visa auxiliar o produtor rural na retifica\u00e7\u00e3o do [&hellip;]<\/p>\n","protected":false},"author":7,"featured_media":0,"comment_status":"open","ping_status":"open","sticky":false,"template":"","format":"standard","meta":{"kia_subtitle":"","footnotes":""},"categories":[1],"tags":[],"class_list":["post-3068","post","type-post","status-publish","format-standard","hentry","category-blog"],"_links":{"self":[{"href":"https:\/\/sistemafaetsenar.org.br\/faet\/wp-json\/wp\/v2\/posts\/3068"}],"collection":[{"href":"https:\/\/sistemafaetsenar.org.br\/faet\/wp-json\/wp\/v2\/posts"}],"about":[{"href":"https:\/\/sistemafaetsenar.org.br\/faet\/wp-json\/wp\/v2\/types\/post"}],"author":[{"embeddable":true,"href":"https:\/\/sistemafaetsenar.org.br\/faet\/wp-json\/wp\/v2\/users\/7"}],"replies":[{"embeddable":true,"href":"https:\/\/sistemafaetsenar.org.br\/faet\/wp-json\/wp\/v2\/comments?post=3068"}],"version-history":[{"count":0,"href":"https:\/\/sistemafaetsenar.org.br\/faet\/wp-json\/wp\/v2\/posts\/3068\/revisions"}],"wp:attachment":[{"href":"https:\/\/sistemafaetsenar.org.br\/faet\/wp-json\/wp\/v2\/media?parent=3068"}],"wp:term":[{"taxonomy":"category","embeddable":true,"href":"https:\/\/sistemafaetsenar.org.br\/faet\/wp-json\/wp\/v2\/categories?post=3068"},{"taxonomy":"post_tag","embeddable":true,"href":"https:\/\/sistemafaetsenar.org.br\/faet\/wp-json\/wp\/v2\/tags?post=3068"}],"curies":[{"name":"wp","href":"https:\/\/api.w.org\/{rel}","templated":true}]}}