{"id":3051,"date":"2025-04-10T15:35:52","date_gmt":"2025-04-10T18:35:52","guid":{"rendered":"https:\/\/sistemafaetsenar.org.br\/faet\/?p=3051"},"modified":"2025-04-10T15:42:21","modified_gmt":"2025-04-10T18:42:21","slug":"sistema-faet-senar-apresenta-servicos-a-secretarios-municipas-de-agricultura","status":"publish","type":"post","link":"https:\/\/sistemafaetsenar.org.br\/faet\/sistema-faet-senar-apresenta-servicos-a-secretarios-municipas-de-agricultura\/","title":{"rendered":"SISTEMA FAET\/SENAR APRESENTA SERVI\u00c7OS A SECRET\u00c1RIOS MUNICIPAS DE AGRICULTURA"},"content":{"rendered":"<p><img fetchpriority=\"high\" decoding=\"async\" class=\"alignnone wp-image-3054\" src=\"https:\/\/sistemafaetsenar.org.br\/faet\/wp-content\/uploads\/2025\/04\/20250409_101406-300x169.jpg\" alt=\"\" width=\"728\" height=\"410\" srcset=\"https:\/\/sistemafaetsenar.org.br\/faet\/wp-content\/uploads\/2025\/04\/20250409_101406-300x169.jpg 300w, https:\/\/sistemafaetsenar.org.br\/faet\/wp-content\/uploads\/2025\/04\/20250409_101406-1024x576.jpg 1024w\" sizes=\"(max-width: 728px) 100vw, 728px\" \/><\/p>\n<p>&nbsp;<\/p>\n<p>&nbsp;<\/p>\n<p>O superintendente da FAET, Fred Sodr\u00e9, apresentou os servi\u00e7os que o Sistema FAET\/Senar tem dispon\u00edvel aos produtores rurais em todo o Estado do Tocantins e a possibilidade de realiza\u00e7\u00e3o de parcerias com os munic\u00edpios para que os benef\u00edcios sejam estendidos a todas as regi\u00f5es do estado.<\/p>\n<p>&nbsp;<\/p>\n<p>\u201cNosso objetivo \u00e9 garantir que o produtor rural acesse os servi\u00e7os do Senar em qualquer lugar que ele esteja. Tanto nos munic\u00edpios onde temos sindicatos rurais como tamb\u00e9m em localidades onde n\u00e3o existe essa representa\u00e7\u00e3o sindical, queremos que esses benef\u00edcios alcancem mais produtores em todo o estado\u201d, destacou.<\/p>\n<p>&nbsp;<\/p>\n<p>Fred Sodr\u00e9, representando o presidente Paulo Carneiro, presidente do Sistema FAET\/Senar, fez palestra na abertura do Encontro de Secret\u00e1rios Municipais de Agricultura, promovido em Palmas pela Secretaria Estadual da Agricultura.<\/p>\n<p>&nbsp;<\/p>\n<p>O governador Wanderlei Barbosa marcou presen\u00e7a no evento e afirmou que com qualifica\u00e7\u00e3o no campo e a produ\u00e7\u00e3o de sistema sanit\u00e1rios por parte do governo, \u201co Tocantins d\u00e1 um passo importante para abrir novos mercados, gerar renda no campo e garantir alimentos seguros para a nossa popula\u00e7\u00e3o\u201d, ressaltou.<\/p>\n<p>&nbsp;<\/p>\n<p>\u201cA iniciativa busca orientar e capacitar produtores, gestores e secret\u00e1rios municipais de agricultura para que que possam melhorar a produ\u00e7\u00e3o de alimentos, a gera\u00e7\u00e3o de renda e o desenvolvimento de seus munic\u00edpios\u201d, destacou Jaime Caf\u00e9, secret\u00e1rio estadual da Agricultura.<\/p>\n<p>&nbsp;<\/p>\n<p><img decoding=\"async\" class=\"alignnone wp-image-3056\" src=\"https:\/\/sistemafaetsenar.org.br\/faet\/wp-content\/uploads\/2025\/04\/WhatsApp-Image-2025-04-09-at-11.20.01-1-300x200.jpeg\" alt=\"\" width=\"710\" height=\"474\" srcset=\"https:\/\/sistemafaetsenar.org.br\/faet\/wp-content\/uploads\/2025\/04\/WhatsApp-Image-2025-04-09-at-11.20.01-1-300x200.jpeg 300w, https:\/\/sistemafaetsenar.org.br\/faet\/wp-content\/uploads\/2025\/04\/WhatsApp-Image-2025-04-09-at-11.20.01-1-1024x682.jpeg 1024w\" sizes=\"(max-width: 710px) 100vw, 710px\" \/><\/p>\n<p>&nbsp;<\/p>\n<p><span style=\"font-size: 18px;\"><strong>CONTROLE SANIT\u00c1RIO E MAIS COMERCIALIZA\u00c7\u00c3O<\/strong><\/span><\/p>\n<p>&nbsp;<\/p>\n<p>A gerente de Fomento de Agroind\u00fastria da Seagro, Ana Gabriella Boleta, explicou que o encontro teve a miss\u00e3o de promover os sistemas de produ\u00e7\u00e3o sanit\u00e1ria do Servi\u00e7o de Inspe\u00e7\u00e3o Municipal (SIM) e o Sistema Unificado Estadual de Sanidade Agroindustrial Familiar e de Pequeno Porte (Susaf), em todo estado.<\/p>\n<p>&nbsp;<\/p>\n<p>\u201cA intens\u00e3o \u00e9 incentivar os munic\u00edpios a aderirem aos sistemas sanit\u00e1rios, para que os produtores possam expandir a comercializa\u00e7\u00e3o de produtos de origem animal, como ovos, carne (bovinas, su\u00ednas e aves), leite, queijo, mel, entre outros produtos\u201d, explicou a gerente.<\/p>\n<p>&nbsp;<\/p>\n<p>Al\u00e9m disso, o evento teve o prop\u00f3sito de mostrar aos agentes p\u00fablicos quais as oportunidades e caminhos que os gestores municipais tem para exercerem seus trabalhos em prol do desenvolvimento da agricultura e pecu\u00e1ria.<\/p>\n<p>&nbsp;<\/p>\n<p>Por isso, al\u00e9m da Seagro e do sistema FAET\/Senar, tamb\u00e9m tiveram a oportunidade de falar aos secret\u00e1rios municipais de agricultura, os representantes do Ruraltins, Sebrae e do Minist\u00e9rio da Agricultura, al\u00e9m do Banco da Amaz\u00f4nia e da Ag\u00eancia de Fomento.<\/p>\n<p>&nbsp;<\/p>\n<p>Foram tratados de temas como a estrutura\u00e7\u00e3o do SIM e Susaf, linhas de cr\u00e9ditos, cr\u00e9dito fundi\u00e1rio, agroextrativismo e agricultura familiar, pol\u00edticas p\u00fablicas da mulher; o programa Luz para Todos e o Mais Gen\u00e9tica, portais de monitoramento e os programas de aquisi\u00e7\u00e3o de alimentos e o Venda Balc\u00e3o.<\/p>\n<p>&nbsp;<\/p>\n<p><img decoding=\"async\" class=\"alignnone wp-image-3059\" src=\"https:\/\/sistemafaetsenar.org.br\/faet\/wp-content\/uploads\/2025\/04\/IMG_1442-300x200.jpg\" alt=\"\" width=\"727\" height=\"485\" srcset=\"https:\/\/sistemafaetsenar.org.br\/faet\/wp-content\/uploads\/2025\/04\/IMG_1442-300x200.jpg 300w, https:\/\/sistemafaetsenar.org.br\/faet\/wp-content\/uploads\/2025\/04\/IMG_1442-1024x683.jpg 1024w\" sizes=\"(max-width: 727px) 100vw, 727px\" \/><\/p>\n<p>&nbsp;<\/p>\n","protected":false},"excerpt":{"rendered":"<p>&nbsp; &nbsp; O superintendente da FAET, Fred Sodr\u00e9, apresentou os servi\u00e7os que o Sistema FAET\/Senar tem dispon\u00edvel aos produtores rurais em todo o Estado do Tocantins e a possibilidade de realiza\u00e7\u00e3o de parcerias com os munic\u00edpios para que os benef\u00edcios sejam estendidos a todas as regi\u00f5es do estado. &nbsp; \u201cNosso objetivo \u00e9 garantir que o [&hellip;]<\/p>\n","protected":false},"author":7,"featured_media":0,"comment_status":"open","ping_status":"open","sticky":false,"template":"","format":"standard","meta":{"kia_subtitle":"Evento promovido pela SEAGRO tratou de sistemas sanit\u00e1rios e incentivo a agroind\u00fastrias","footnotes":""},"categories":[1],"tags":[],"class_list":["post-3051","post","type-post","status-publish","format-standard","hentry","category-blog"],"_links":{"self":[{"href":"https:\/\/sistemafaetsenar.org.br\/faet\/wp-json\/wp\/v2\/posts\/3051"}],"collection":[{"href":"https:\/\/sistemafaetsenar.org.br\/faet\/wp-json\/wp\/v2\/posts"}],"about":[{"href":"https:\/\/sistemafaetsenar.org.br\/faet\/wp-json\/wp\/v2\/types\/post"}],"author":[{"embeddable":true,"href":"https:\/\/sistemafaetsenar.org.br\/faet\/wp-json\/wp\/v2\/users\/7"}],"replies":[{"embeddable":true,"href":"https:\/\/sistemafaetsenar.org.br\/faet\/wp-json\/wp\/v2\/comments?post=3051"}],"version-history":[{"count":0,"href":"https:\/\/sistemafaetsenar.org.br\/faet\/wp-json\/wp\/v2\/posts\/3051\/revisions"}],"wp:attachment":[{"href":"https:\/\/sistemafaetsenar.org.br\/faet\/wp-json\/wp\/v2\/media?parent=3051"}],"wp:term":[{"taxonomy":"category","embeddable":true,"href":"https:\/\/sistemafaetsenar.org.br\/faet\/wp-json\/wp\/v2\/categories?post=3051"},{"taxonomy":"post_tag","embeddable":true,"href":"https:\/\/sistemafaetsenar.org.br\/faet\/wp-json\/wp\/v2\/tags?post=3051"}],"curies":[{"name":"wp","href":"https:\/\/api.w.org\/{rel}","templated":true}]}}