{"id":3006,"date":"2025-04-08T15:51:36","date_gmt":"2025-04-08T18:51:36","guid":{"rendered":"https:\/\/sistemafaetsenar.org.br\/faet\/?p=3006"},"modified":"2025-04-08T15:51:36","modified_gmt":"2025-04-08T18:51:36","slug":"levantamento-de-propostas-para-o-plano-safra-recebe-sugestoes-dos-produtores-do-matopiba","status":"publish","type":"post","link":"https:\/\/sistemafaetsenar.org.br\/faet\/levantamento-de-propostas-para-o-plano-safra-recebe-sugestoes-dos-produtores-do-matopiba\/","title":{"rendered":"LEVANTAMENTO DE PROPOSTAS PARA O PLANO SAFRA RECEBE SUGEST\u00d5ES DOS PRODUTORES DO MATOPIBA"},"content":{"rendered":"<p><img fetchpriority=\"high\" decoding=\"async\" class=\"alignnone  wp-image-3010\" src=\"https:\/\/sistemafaetsenar.org.br\/faet\/wp-content\/uploads\/2025\/04\/WhatsApp-Image-2025-04-08-at-11.34.28-300x169.jpeg\" alt=\"\" width=\"796\" height=\"448\" srcset=\"https:\/\/sistemafaetsenar.org.br\/faet\/wp-content\/uploads\/2025\/04\/WhatsApp-Image-2025-04-08-at-11.34.28-300x169.jpeg 300w, https:\/\/sistemafaetsenar.org.br\/faet\/wp-content\/uploads\/2025\/04\/WhatsApp-Image-2025-04-08-at-11.34.28-1024x576.jpeg 1024w\" sizes=\"(max-width: 796px) 100vw, 796px\" \/><\/p>\n<p>&nbsp;<\/p>\n<p>A \u00faltima reuni\u00e3o promovida pela CNA para levantamento de sugest\u00f5es para o Plano Safra 2025\/2026 tratou das demandas da regi\u00e3o do MATOPIBA, considerada a \u00faltima fronteira agr\u00edcola do Brasil.<\/p>\n<p>&nbsp;<\/p>\n<p>A reuni\u00e3o foi realizada na sede da Federa\u00e7\u00e3o da Agricultura e Pecu\u00e1ria do Estado do Tocantins (FAET), em Palmas. Participaram produtores, representantes de entidades p\u00fablicas e privadas do setor rural tanto do Tocantins como da Bahia, Maranh\u00e3o e Piau\u00ed.<\/p>\n<p>&nbsp;<\/p>\n<p>Para o presidente da FAET, Paulo Carneiro, o levantamento in\u00e9dito realizado no estado mostra a defer\u00eancia da CNA com a regi\u00e3o: \u201ctemos um imenso potencial e o produtor quer produzir, estamos passando por muitos desafios que precisam ser enfrentados, n\u00f3s vamos superar, mas pra isso precisamos de mais cr\u00e9dito com juros mais baixos \u201d, disse o presidente.<\/p>\n<p>&nbsp;<\/p>\n<p>O secret\u00e1rio estadual da agricultura, Jaime Caf\u00e9 esteve presente na reuni\u00e3o e destacou a import\u00e2ncia do trabalho. Ele chamou a aten\u00e7\u00e3o para um dos gargalos do setor no estado: a capacidade de armazenamento. \u201c\u00c9 fundamental que o Governo Federal disponibilize mais recursos para atender a essa demanda. Precisamos ter condi\u00e7\u00f5es de armazenar nossa produ\u00e7\u00e3o e vender na hora certa\u201d, destacou.<\/p>\n<p>&nbsp;<\/p>\n<p><img decoding=\"async\" class=\"alignnone  wp-image-3017\" src=\"https:\/\/sistemafaetsenar.org.br\/faet\/wp-content\/uploads\/2025\/04\/WhatsApp-Image-2025-04-08-at-11.34.31-1-300x200.jpeg\" alt=\"\" width=\"770\" height=\"513\" srcset=\"https:\/\/sistemafaetsenar.org.br\/faet\/wp-content\/uploads\/2025\/04\/WhatsApp-Image-2025-04-08-at-11.34.31-1-300x200.jpeg 300w, https:\/\/sistemafaetsenar.org.br\/faet\/wp-content\/uploads\/2025\/04\/WhatsApp-Image-2025-04-08-at-11.34.31-1-1024x682.jpeg 1024w, https:\/\/sistemafaetsenar.org.br\/faet\/wp-content\/uploads\/2025\/04\/WhatsApp-Image-2025-04-08-at-11.34.31-1.jpeg 1600w\" sizes=\"(max-width: 770px) 100vw, 770px\" \/><\/p>\n<p>&nbsp;<\/p>\n<p><span style=\"font-size: 21px;\"><strong>DEMANDAS<\/strong><\/span><\/p>\n<p>&nbsp;<\/p>\n<p>Para os produtores do Matopiba, \u00e9 justamente a capacidade de armazenamento de gr\u00e3os um dos maiores problemas da regi\u00e3o. \u201cEsse ano teve caminh\u00f5es ficando tr\u00eas a quatro dias na fila para descarregar a produ\u00e7\u00e3o nos armaz\u00e9ns das traddings\u201d, disse Caroline Barcellos, presidente da Aprosoja Tocantins.<\/p>\n<p>&nbsp;<\/p>\n<p>Para o setor, os programas de investimento precisam contemplar recursos diferenciados para a constru\u00e7\u00e3o de armaz\u00e9ns com taxas mais atrativas.<\/p>\n<p>&nbsp;<\/p>\n<p>O setor tamb\u00e9m anotou a burocracia para acesso ao cr\u00e9dito, sobretudo quando o assunto \u00e9 investimento. Outro ponto abordado foi a falta de linhas de cr\u00e9dito para o setor pecu\u00e1rio.<\/p>\n<p>&nbsp;<\/p>\n<p>\u201cO sistema financeiro \u2018esqueceu\u2019 a pecu\u00e1ria. As linhas de cr\u00e9dito s\u00e3o limitadas e caras\u201d, destacou Fernando Penteado, presidente da Novilho Precoce Tocantins (ATNP). O setor cobra melhores condi\u00e7\u00f5es para recuperar solos e pastagens e tamb\u00e9m para investir em melhoramento gen\u00e9tico.<\/p>\n<p>&nbsp;<\/p>\n<p>\u201cTamb\u00e9m precisamos de recursos acess\u00edveis para investir em irriga\u00e7\u00e3o. Temos potencial pra produzir o ano todo e precisamos de apoio para investir em irriga\u00e7\u00e3o\u201d, destacou tamb\u00e9m Simone Sandri, presidente do Sindicato Rural de Pedro Afonso.<\/p>\n<p>&nbsp;<\/p>\n<p><img decoding=\"async\" class=\"alignnone  wp-image-3046\" src=\"https:\/\/sistemafaetsenar.org.br\/faet\/wp-content\/uploads\/2025\/04\/WhatsApp-Image-2025-04-08-at-15.50.08-300x169.jpeg\" alt=\"\" width=\"763\" height=\"430\" srcset=\"https:\/\/sistemafaetsenar.org.br\/faet\/wp-content\/uploads\/2025\/04\/WhatsApp-Image-2025-04-08-at-15.50.08-300x169.jpeg 300w, https:\/\/sistemafaetsenar.org.br\/faet\/wp-content\/uploads\/2025\/04\/WhatsApp-Image-2025-04-08-at-15.50.08-1024x576.jpeg 1024w\" sizes=\"(max-width: 763px) 100vw, 763px\" \/><\/p>\n<p>&nbsp;<\/p>\n<p><span style=\"font-size: 21px;\"><strong>SEGURO<\/strong><\/span><\/p>\n<p>&nbsp;<\/p>\n<p>Guilherme Rios, assessor t\u00e9cnico da CNA apresentou as a\u00e7\u00f5es da entidade para tentar mudar regras do seguro rural e proagro. \u201cO caminho tem sido o legislativo\u201d, destacou.<\/p>\n<p>&nbsp;<\/p>\n<p>O tema foi abordado pelos produtores como o principal motivo de frustra\u00e7\u00e3o do segmento rural. \u201cO seguro virou apenas um instrumento dos bancos ganharem dinheiro porque ningu\u00e9m consegue receber\u201d, disse Dino Gabriel, presidente da ADSTO (Associa\u00e7\u00e3o de Desenvolvimento Sustent\u00e1vel do Tocantins).<\/p>\n<p>&nbsp;<\/p>\n<p>Para o consultor da CNA, Jos\u00e9 \u00c2ngelo \u00e9 um contra-senso o que acontece hoje com o seguro rural. \u201cOs credores est\u00e3o empurrando um seguro para seus clientes (o produtor rural), que n\u00e3o funciona, quando deveriam estar preocupados com a sa\u00fade financeira deles\u201d, destacou.<\/p>\n<p>&nbsp;<\/p>\n<p>Com o t\u00e9rmino das reuni\u00f5es regionais, a CNA vai consolidar um documento com as propostas do setor rural e encaminha-las ao Governo Federal e ao Congresso Nacional como sugest\u00f5es para o pr\u00f3ximo Plano Safra.<\/p>\n<p>&nbsp;<\/p>\n<p>\u201cEsse trabalho da CNA e das Federa\u00e7\u00f5es \u00e9 fundamental para o Brasil e o pr\u00f3ximo plano safra ser\u00e1 desafiador. Precisamos de melhores condi\u00e7\u00f5es para evitar a fal\u00eancia de muitos produtores que est\u00e3o sendo penalizados com queda nos pre\u00e7os dos produtos, aumento dos insumos e juros cada vez mais altos\u201d, finalizou Paulo Carneiro.<\/p>\n","protected":false},"excerpt":{"rendered":"<p>&nbsp; A \u00faltima reuni\u00e3o promovida pela CNA para levantamento de sugest\u00f5es para o Plano Safra 2025\/2026 tratou das demandas da regi\u00e3o do MATOPIBA, considerada a \u00faltima fronteira agr\u00edcola do Brasil. &nbsp; A reuni\u00e3o foi realizada na sede da Federa\u00e7\u00e3o da Agricultura e Pecu\u00e1ria do Estado do Tocantins (FAET), em Palmas. Participaram produtores, representantes de entidades [&hellip;]<\/p>\n","protected":false},"author":7,"featured_media":0,"comment_status":"open","ping_status":"open","sticky":false,"template":"","format":"standard","meta":{"kia_subtitle":"Reuni\u00e3o foi realizada na FAET, em Palmas","footnotes":""},"categories":[1],"tags":[],"class_list":["post-3006","post","type-post","status-publish","format-standard","hentry","category-blog"],"_links":{"self":[{"href":"https:\/\/sistemafaetsenar.org.br\/faet\/wp-json\/wp\/v2\/posts\/3006"}],"collection":[{"href":"https:\/\/sistemafaetsenar.org.br\/faet\/wp-json\/wp\/v2\/posts"}],"about":[{"href":"https:\/\/sistemafaetsenar.org.br\/faet\/wp-json\/wp\/v2\/types\/post"}],"author":[{"embeddable":true,"href":"https:\/\/sistemafaetsenar.org.br\/faet\/wp-json\/wp\/v2\/users\/7"}],"replies":[{"embeddable":true,"href":"https:\/\/sistemafaetsenar.org.br\/faet\/wp-json\/wp\/v2\/comments?post=3006"}],"version-history":[{"count":0,"href":"https:\/\/sistemafaetsenar.org.br\/faet\/wp-json\/wp\/v2\/posts\/3006\/revisions"}],"wp:attachment":[{"href":"https:\/\/sistemafaetsenar.org.br\/faet\/wp-json\/wp\/v2\/media?parent=3006"}],"wp:term":[{"taxonomy":"category","embeddable":true,"href":"https:\/\/sistemafaetsenar.org.br\/faet\/wp-json\/wp\/v2\/categories?post=3006"},{"taxonomy":"post_tag","embeddable":true,"href":"https:\/\/sistemafaetsenar.org.br\/faet\/wp-json\/wp\/v2\/tags?post=3006"}],"curies":[{"name":"wp","href":"https:\/\/api.w.org\/{rel}","templated":true}]}}