{"id":2924,"date":"2025-04-03T08:22:12","date_gmt":"2025-04-03T11:22:12","guid":{"rendered":"https:\/\/sistemafaetsenar.org.br\/faet\/?p=2924"},"modified":"2025-04-03T08:22:12","modified_gmt":"2025-04-03T11:22:12","slug":"projeto-de-lei-do-zoneamento-economico-ecologico-do-tocantins-segue-para-assembleia","status":"publish","type":"post","link":"https:\/\/sistemafaetsenar.org.br\/faet\/projeto-de-lei-do-zoneamento-economico-ecologico-do-tocantins-segue-para-assembleia\/","title":{"rendered":"Projeto de Lei do Zoneamento Econ\u00f4mico-Ecol\u00f3gico do Tocantins segue para Assembleia"},"content":{"rendered":"<p><img fetchpriority=\"high\" decoding=\"async\" class=\"alignnone  wp-image-2926\" src=\"https:\/\/sistemafaetsenar.org.br\/faet\/wp-content\/uploads\/2025\/04\/WhatsApp-Image-2025-04-02-at-15.59.08-1-300x200.jpeg\" alt=\"\" width=\"887\" height=\"591\" srcset=\"https:\/\/sistemafaetsenar.org.br\/faet\/wp-content\/uploads\/2025\/04\/WhatsApp-Image-2025-04-02-at-15.59.08-1-300x200.jpeg 300w, https:\/\/sistemafaetsenar.org.br\/faet\/wp-content\/uploads\/2025\/04\/WhatsApp-Image-2025-04-02-at-15.59.08-1-1024x682.jpeg 1024w, https:\/\/sistemafaetsenar.org.br\/faet\/wp-content\/uploads\/2025\/04\/WhatsApp-Image-2025-04-02-at-15.59.08-1.jpeg 1600w\" sizes=\"(max-width: 887px) 100vw, 887px\" \/><\/p>\n<p>&nbsp;<\/p>\n<p>A Federa\u00e7\u00e3o da Agricultura e Pecu\u00e1ria do Tocantins \u2013 FAET parabenizou o Governo do Tocantins pela iniciativa de assinar e encaminhar para a aprecia\u00e7\u00e3o dos deputados estaduais, o projeto de lei que trata do Zonemaneto Ecol\u00f3gico-Econ\u00f4mico (ZEE) do estado.<\/p>\n<p>&nbsp;<\/p>\n<p>A assinatura do projeto foi feita pelo governador Wanderlei Barbosa em solenidade realizada no Pal\u00e1cio Araguaia em Palmas. O presidente do sistema FAET\/Senar, Paulo Carneiro, esteve presente e destacou a import\u00e2ncia da iniciativa.<\/p>\n<p>&nbsp;<\/p>\n<p>\u201cO projeto atende a um anseio antigo dos produtores rurais que sempre reivindicaram regras claras e seguras para o setor. Precisamos de seguran\u00e7a jur\u00eddica para dar tranquilidade a quem quer investir e trabalhar nesse estado e esse projeto atende a essa necessidade\u201d, disse ele.<\/p>\n<p>&nbsp;<\/p>\n<p>O Zoneamento Ecol\u00f3gico permitir\u00e1 um planejamento estrat\u00e9gico que n\u00e3o s\u00f3 garante a seguran\u00e7a jur\u00eddica para os produtores rurais, mas tamb\u00e9m abre novas oportunidades para o crescimento respons\u00e1vel do setor.<\/p>\n<p>&nbsp;<\/p>\n<p>Para o governador, \u201ca assinatura do projeto reflete o compromisso do Governo do Estado com o desenvolvimento sustent\u00e1vel, colocando o Tocantins no caminho certo para se tornar um modelo de concilia\u00e7\u00e3o entre economia e meio ambiente\u201d.<\/p>\n<p>&nbsp;<\/p>\n<p><img decoding=\"async\" class=\"alignnone  wp-image-2931\" src=\"https:\/\/sistemafaetsenar.org.br\/faet\/wp-content\/uploads\/2025\/04\/WhatsApp-Image-2025-04-02-at-15.59.07-300x200.jpeg\" alt=\"\" width=\"911\" height=\"607\" srcset=\"https:\/\/sistemafaetsenar.org.br\/faet\/wp-content\/uploads\/2025\/04\/WhatsApp-Image-2025-04-02-at-15.59.07-300x200.jpeg 300w, https:\/\/sistemafaetsenar.org.br\/faet\/wp-content\/uploads\/2025\/04\/WhatsApp-Image-2025-04-02-at-15.59.07-1024x682.jpeg 1024w, https:\/\/sistemafaetsenar.org.br\/faet\/wp-content\/uploads\/2025\/04\/WhatsApp-Image-2025-04-02-at-15.59.07.jpeg 1600w\" sizes=\"(max-width: 911px) 100vw, 911px\" \/><\/p>\n<p>&nbsp;<\/p>\n<p>O Zoneamento Ecol\u00f3gico-Econ\u00f4mico (ZEE) \u00e9 uma ferramenta de planejamento territorial que busca conciliar o uso sustent\u00e1vel dos recursos naturais com o desenvolvimento econ\u00f4mico de uma regi\u00e3o. Seu objetivo principal \u00e9 identificar e organizar as \u00e1reas do territ\u00f3rio de forma estrat\u00e9gica, definindo quais atividades podem ser realizadas em cada regi\u00e3o, de acordo com as caracter\u00edsticas ambientais e econ\u00f4micas locais.<\/p>\n<p>&nbsp;<\/p>\n<p>O ZEE leva em considera\u00e7\u00e3o aspectos como a preserva\u00e7\u00e3o de ecossistemas, a conserva\u00e7\u00e3o da biodiversidade, a recupera\u00e7\u00e3o de \u00e1reas degradadas e a viabilidade de atividades econ\u00f4micas, como agricultura, pecu\u00e1ria, minera\u00e7\u00e3o e turismo, entre outras. O\u00a0regramento tamb\u00e9m busca garantir que o crescimento econ\u00f4mico n\u00e3o aconte\u00e7a em detrimento da preserva\u00e7\u00e3o ambiental, promovendo uma utiliza\u00e7\u00e3o equilibrada e respons\u00e1vel dos recursos naturais.<\/p>\n<p>&nbsp;<\/p>\n<p>O zoneamento define zonas espec\u00edficas para diferentes tipos de uso do solo, como \u00e1reas de preserva\u00e7\u00e3o permanente, unidades de conserva\u00e7\u00e3o e zonas para atividades produtivas. \u00a0Com isso, o ZEE proporciona mais seguran\u00e7a jur\u00eddica para os produtores e empresas, ao mesmo tempo em que assegura a prote\u00e7\u00e3o do meio ambiente, contribuindo para um desenvolvimento mais sustent\u00e1vel e harmonioso.<\/p>\n","protected":false},"excerpt":{"rendered":"<p>&nbsp; A Federa\u00e7\u00e3o da Agricultura e Pecu\u00e1ria do Tocantins \u2013 FAET parabenizou o Governo do Tocantins pela iniciativa de assinar e encaminhar para a aprecia\u00e7\u00e3o dos deputados estaduais, o projeto de lei que trata do Zonemaneto Ecol\u00f3gico-Econ\u00f4mico (ZEE) do estado. &nbsp; A assinatura do projeto foi feita pelo governador Wanderlei Barbosa em solenidade realizada no [&hellip;]<\/p>\n","protected":false},"author":7,"featured_media":0,"comment_status":"open","ping_status":"open","sticky":false,"template":"","format":"standard","meta":{"kia_subtitle":"","footnotes":""},"categories":[1],"tags":[],"class_list":["post-2924","post","type-post","status-publish","format-standard","hentry","category-blog"],"_links":{"self":[{"href":"https:\/\/sistemafaetsenar.org.br\/faet\/wp-json\/wp\/v2\/posts\/2924"}],"collection":[{"href":"https:\/\/sistemafaetsenar.org.br\/faet\/wp-json\/wp\/v2\/posts"}],"about":[{"href":"https:\/\/sistemafaetsenar.org.br\/faet\/wp-json\/wp\/v2\/types\/post"}],"author":[{"embeddable":true,"href":"https:\/\/sistemafaetsenar.org.br\/faet\/wp-json\/wp\/v2\/users\/7"}],"replies":[{"embeddable":true,"href":"https:\/\/sistemafaetsenar.org.br\/faet\/wp-json\/wp\/v2\/comments?post=2924"}],"version-history":[{"count":0,"href":"https:\/\/sistemafaetsenar.org.br\/faet\/wp-json\/wp\/v2\/posts\/2924\/revisions"}],"wp:attachment":[{"href":"https:\/\/sistemafaetsenar.org.br\/faet\/wp-json\/wp\/v2\/media?parent=2924"}],"wp:term":[{"taxonomy":"category","embeddable":true,"href":"https:\/\/sistemafaetsenar.org.br\/faet\/wp-json\/wp\/v2\/categories?post=2924"},{"taxonomy":"post_tag","embeddable":true,"href":"https:\/\/sistemafaetsenar.org.br\/faet\/wp-json\/wp\/v2\/tags?post=2924"}],"curies":[{"name":"wp","href":"https:\/\/api.w.org\/{rel}","templated":true}]}}